{"id":6348,"date":"2015-02-20T16:52:37","date_gmt":"2015-02-20T16:52:37","guid":{"rendered":"https:\/\/demo.ia.gl\/finanslov-2015\/"},"modified":"2024-07-14T20:46:01","modified_gmt":"2024-07-14T20:46:01","slug":"finanslov-2015","status":"publish","type":"post","link":"https:\/\/ia.gl\/kl\/finanslov-2015\/","title":{"rendered":"Finanslov 2015"},"content":{"rendered":"<p>Inuit Ataqatigiit ser frem til at koalitionens \u00f8konomiske politik skal forbedre landets \u00f8konomi inden 2018. Det er der brug for og Inuit Ataqatigiit vil v\u00e6re en konstruktiv medspiller p\u00e5 dette.<\/p>\n<p>Vi hilser Naalakkersuisoq for Finansers udstrakte h\u00e5nd velkommen og er enig med ham i, at nye forslag skal v\u00e6re finansierede. Vi er derfor ogs\u00e5 glade for at koalitionsaftalens mange ufinansierede og dyre l\u00f8fter ikke alle er medtaget i finanslovsforslaget for 2015.<\/p>\n<p>I disse tider, hvor \u00f8konomien er under pres, er det ekstra vigtigt, at vi bruger hver krone effektivt og at hver krone er med til at opfylde det f\u00e6lles m\u00e5l om at v\u00e6re et velf\u00e6rdssamfund og et samfund med en flerstrenget erhvervs\u00f8konomi. I sv\u00e6re tider risikerer vi, at afstanden mellem rig og fattig bliver st\u00f8rre &#8211; og dermed risikerer vi et &#8220;a og b samfund&#8221;, med store sociale skel og sociale sp\u00e6ndinger. Ikke bare mellem borgerne, men ogs\u00e5 mellem regionerne.<\/p>\n<p>Inuit Ataqatigiit vil k\u00e6mpe for, at vi gennem finansloven f\u00e5r skabt reelle politiske forandringer af tingenes tilstand. Det skal kunne m\u00e6rkes, at tingene bliver bedre. Det er NU der skal handles.<\/p>\n<ul>\n<li>B\u00f8rnene er vores fremtid, det siger vi alle. Men kan b\u00f8rnene m\u00e6rke det i deres dagligdag? De g\u00e5r i nedslidte skoler og alt f\u00e5r mange f\u00e5r ikke de basale f\u00e6rdigheder de skal bruge for at f\u00e5 en uddannelse.<\/li>\n<li>Det skal kunne betale sig at arbejde, siger vi alle. Men hvor er den planlagte skattereform? Den er end ikke p\u00e5 tegnebr\u00e6ttet.<\/li>\n<li>Erhvervslivet skal have attraktive rammer siger vi alle. Men disse er heller ikke n\u00e6vnt, ikke engang i beskrivelsen af finansloven for 2016.<\/li>\n<li>Anl\u00e6gsomr\u00e5det har stor betydning, siger vi alle. Men anl\u00e6gsrammen for boliger bespares med 130 millioner og der er ikke fundet finansiering til kollegiebyggeri.<\/li>\n<li>Fiskeri er det b\u00e6rende erhverv i Gr\u00f8nland, siger vi alle. Men ikke et ord om fiskeri i finansloven.<\/li>\n<\/ul>\n<p>Det er vigtigt for Inuit Ataqatigiit at lave politik med borgerne i centrum. Vi vil arbejde p\u00e5 skabelse af arbejdspladser og et st\u00e6rkt velf\u00e6rdssamfund, hvor flere og flere skal opleve fremgang i livet. Derfor er vi enige med koalitionen i, at vejen g\u00e5r gennem brede forlig, b\u00e5de politisk og i forhold til landets forskellige interesseorganisationer. I de kommende uger og m\u00e5neder vil Inuit Ataqatigiit s\u00e6tte fokus p\u00e5 de enkelte omr\u00e5der af finansloven. Vi ser frem til dialogen og til reelle forhandlinger, hvor vi vil g\u00f8re vores for at bygge bro over vores forskelle og fokusere p\u00e5 de f\u00e6lles ambitioner.<\/p>\n<p>Inuit Ataqatigiits medlemmer i finansudvalget<\/p>\n<p>&nbsp;<\/p>\n<p>Sara Olsvig\u00a0\u00a0\u00a0\u00a0\u00a0\u00a0\u00a0\u00a0\u00a0\u00a0\u00a0\u00a0\u00a0\u00a0\u00a0\u00a0\u00a0\u00a0\u00a0 Naaja H. Nathanielsen\u00a0\u00a0\u00a0\u00a0\u00a0\u00a0\u00a0\u00a0\u00a0\u00a0\u00a0\u00a0\u00a0\u00a0\u00a0\u00a0\u00a0\u00a0\u00a0\u00a0\u00a0\u00a0 Peter Olsen<\/p>\n<p>526858\u00a0\u00a0\u00a0\u00a0\u00a0\u00a0\u00a0\u00a0\u00a0\u00a0\u00a0\u00a0\u00a0\u00a0\u00a0\u00a0\u00a0\u00a0\u00a0\u00a0\u00a0\u00a0\u00a0\u00a0 548981\u00a0\u00a0\u00a0\u00a0\u00a0\u00a0\u00a0\u00a0\u00a0\u00a0\u00a0\u00a0\u00a0\u00a0\u00a0\u00a0\u00a0\u00a0\u00a0\u00a0\u00a0\u00a0\u00a0\u00a0\u00a0\u00a0\u00a0\u00a0\u00a0\u00a0\u00a0\u00a0\u00a0\u00a0\u00a0\u00a0\u00a0\u00a0\u00a0\u00a0\u00a0\u00a0 486688<\/p>\n<p>&nbsp;<\/p>\n","protected":false},"excerpt":{"rendered":"<p>Inuit Ataqatigiit ser frem til at koalitionens \u00f8konomiske politik skal forbedre landets \u00f8konomi inden 2018. Det er der brug for og Inuit Ataqatigiit vil v\u00e6re en konstruktiv medspiller p\u00e5 dette. Vi hilser Naalakkersuisoq for Finansers udstrakte h\u00e5nd velkommen og er enig med ham i, at nye forslag skal v\u00e6re finansierede. Vi er derfor ogs\u00e5 glade [&hellip;]<\/p>\n","protected":false},"author":1,"featured_media":461,"comment_status":"closed","ping_status":"closed","sticky":false,"template":"","format":"standard","meta":{"footnotes":""},"categories":[19],"tags":[],"class_list":["post-6348","post","type-post","status-publish","format-standard","has-post-thumbnail","hentry","category-seneste-nyheder-inuit-ataqatigiit"],"_links":{"self":[{"href":"https:\/\/ia.gl\/kl\/wp-json\/wp\/v2\/posts\/6348","targetHints":{"allow":["GET"]}}],"collection":[{"href":"https:\/\/ia.gl\/kl\/wp-json\/wp\/v2\/posts"}],"about":[{"href":"https:\/\/ia.gl\/kl\/wp-json\/wp\/v2\/types\/post"}],"author":[{"embeddable":true,"href":"https:\/\/ia.gl\/kl\/wp-json\/wp\/v2\/users\/1"}],"replies":[{"embeddable":true,"href":"https:\/\/ia.gl\/kl\/wp-json\/wp\/v2\/comments?post=6348"}],"version-history":[{"count":1,"href":"https:\/\/ia.gl\/kl\/wp-json\/wp\/v2\/posts\/6348\/revisions"}],"predecessor-version":[{"id":6349,"href":"https:\/\/ia.gl\/kl\/wp-json\/wp\/v2\/posts\/6348\/revisions\/6349"}],"wp:featuredmedia":[{"embeddable":true,"href":"https:\/\/ia.gl\/kl\/wp-json\/wp\/v2\/media\/461"}],"wp:attachment":[{"href":"https:\/\/ia.gl\/kl\/wp-json\/wp\/v2\/media?parent=6348"}],"wp:term":[{"taxonomy":"category","embeddable":true,"href":"https:\/\/ia.gl\/kl\/wp-json\/wp\/v2\/categories?post=6348"},{"taxonomy":"post_tag","embeddable":true,"href":"https:\/\/ia.gl\/kl\/wp-json\/wp\/v2\/tags?post=6348"}],"curies":[{"name":"wp","href":"https:\/\/api.w.org\/{rel}","templated":true}]}}