{"id":6332,"date":"2015-01-09T13:05:36","date_gmt":"2015-01-09T13:05:36","guid":{"rendered":"https:\/\/demo.ia.gl\/pituffik-en-sag-for-alle-i-groenland\/"},"modified":"2024-07-14T20:46:01","modified_gmt":"2024-07-14T20:46:01","slug":"pituffik-en-sag-for-alle-i-groenland","status":"publish","type":"post","link":"https:\/\/ia.gl\/kl\/pituffik-en-sag-for-alle-i-groenland\/","title":{"rendered":"Pituffik \u2013 en sag for alle i Gr\u00f8nland!"},"content":{"rendered":"<p align=\"JUSTIFY\"><strong>Pituffik \u2013 en sag for alle i Gr\u00f8nland!<\/strong><\/p>\n<p align=\"JUSTIFY\">S\u00e5 skete det igen \u2013 en formand for Naalakkersuisut tager til Danmark og udtaler sig om et vigtigt emne, uden at have informeret den gr\u00f8nlandske offentlighed eller Inatsisartut. Det er efterh\u00e5nden blevet en tradition \u2013 en tradition som Inuit Ataqatigiit mener straks b\u00f8r oph\u00f8re.<\/p>\n<p align=\"JUSTIFY\">Inuit Ataqatigiit har siden november flere gange og p\u00e5 forskellige m\u00e5der fors\u00f8gt at f\u00e5 en dialog med Naalakkersuisut om situationen p\u00e5 Pituffik, Thule Air Base.<\/p>\n<p align=\"JUSTIFY\">Greenland Contractors tab af servicekontrakten vil allerede fra i \u00e5r f\u00e5 konsekvenser for samfundet. Ikke bare for landskassen, men ogs\u00e5 for kommunerne. Og mange underle\u00adverand\u00f8rer risikerer at blive ramt, ligesom vi risikerer tab af uddannelsespladser. Det er med andre ord en sag for os alle her i landet.<\/p>\n<p lang=\"en-US\" align=\"JUSTIFY\"><strong>November<\/strong><\/p>\n<p align=\"JUSTIFY\">Under valgkampen var vi afsk\u00e5ret fra at stille \u00a7 37 sp\u00f8rgsm\u00e5l om emnet. Derfor kunne vi kun s\u00e6tte emnet til offentlig debat\u2013 men der kom ingen reaktion fra det dav\u00e6rende Naalakkersuisut. Og dog. Under Nuuk TV debat mellem Sara Olsvig og Vittus Qujaukitsoq den 27. november \u2013 \u00e9n dag f\u00f8r valget &#8211; kom det frem, at sidstn\u00e6vnte intet kendte til sagen og ikke mente, at han var informeret om den.<\/p>\n<p align=\"JUSTIFY\"><strong>December<\/strong><\/p>\n<p align=\"JUSTIFY\">S\u00e5 snart det nye Naalakkersuisut var tiltr\u00e5dt sendte Sara Olsvig et \u00a7 37 om emnet. Det var den 19. december. Dette har Naalakkersuisut endnu ikke fundet tid til at besvare.<\/p>\n<p align=\"JUSTIFY\">Inuit Ataqatigiit fors\u00f8gte ogs\u00e5 at rejse sagen i Udenrigs- og sikkerhedspolitisk udvalg, men uden held. Her kunne emnet ellers blive behandlet i al fortrolighed. Men flertallet \u00f8nskede ikke at indkalde Naalakkersuisut til samr\u00e5d i sagen. Dette er tankev\u00e6kkende da Udvalget ellers har besluttet at tage til Danmark i n\u00e6ste uge for at f\u00f8lge behandlingen af sagen i det danske Folketing. Formanden for udvalget, Justus Hansen, har om dette of\u00adfentligt udtalt, at han \u00f8nsker at give Naalakkersuisut \u201darbejdsro\u201d. Det er i sig selv be\u00adm\u00e6rkelsesv\u00e6rdigt at gr\u00f8nlandske politikere p\u00e5 den m\u00e5de finder sig i at have f\u00e6rre in\u00adformationer til r\u00e5dighed end danske politikere om et emne der vedr\u00f8rer Gr\u00f8nland. Og i \u00f8vrigt hellere tager til Danmark for at f\u00e5 viden om sagen end at indkalde vores egen for\u00admand.<\/p>\n<p align=\"JUSTIFY\"><strong>Januar<\/strong><\/p>\n<p align=\"JUSTIFY\">Men der er ingen tvivl om at Formanden for Naalakkersuisut har travlt. I g\u00e5r holdt han for eksempel m\u00f8de med den danske statsminister, efterfulgt af et pressem\u00f8de.<\/p>\n<p align=\"JUSTIFY\">P\u00e5 pressem\u00f8det udtalte Formanden for Naalakkersuisut at Gr\u00f8nland i samarbejde med Danmark vil stille krav til USA om brugen af Thule Air Base. Formanden for Naalakkersui\u00adsut udtalte ogs\u00e5, at han mener at USA har brudt den aftalte udbudsproces om vedlige\u00adholdelsen af Thule Air Base.<\/p>\n<p align=\"JUSTIFY\">Inuit Ataqatigiit finder det dybt beklageligt, at Naalakkersuisut ikke har fundet det n\u00f8d\u00advendigt at informere den gr\u00f8nlandske befolkning eller Inatsisartut om sin holdning til udbudsrunden, inden rejsen gik til Danmark. Is\u00e6r med tanke p\u00e5 den store interesse der har v\u00e6ret omkring sagen. Vi efterlyser den \u00e5benhed og det samarbejde som Naalak\u00adkersuisut ellers taler s\u00e5 meget om. Og vi efterlyser et mere handlekraftigt Inatsisartut, der tager sin rolle og sit ansvar mere alvorligt. Ogs\u00e5 selvom det indeb\u00e6rer at det sid\u00addende flertal skal forholde sig kritisk til Naalakkersuisuts ageren.<\/p>\n<p align=\"JUSTIFY\"><strong>Kontaktinfo<\/strong><\/p>\n<p align=\"JUSTIFY\">Formand for Inuit Ataqatigiit, Sara Olsvig, telefon 52 68 58<\/p>\n<p align=\"JUSTIFY\">Politisk ordf\u00f8rer, Naaja H. Nathanielsen, telefon 54 89 81<\/p>\n","protected":false},"excerpt":{"rendered":"<p>Pituffik \u2013 en sag for alle i Gr\u00f8nland! S\u00e5 skete det igen \u2013 en formand for Naalakkersuisut tager til Danmark og udtaler sig om et vigtigt emne, uden at have informeret den gr\u00f8nlandske offentlighed eller Inatsisartut. Det er efterh\u00e5nden blevet en tradition \u2013 en tradition som Inuit Ataqatigiit mener straks b\u00f8r oph\u00f8re. Inuit Ataqatigiit har [&hellip;]<\/p>\n","protected":false},"author":1,"featured_media":461,"comment_status":"closed","ping_status":"closed","sticky":false,"template":"","format":"standard","meta":{"footnotes":""},"categories":[19],"tags":[],"class_list":["post-6332","post","type-post","status-publish","format-standard","has-post-thumbnail","hentry","category-seneste-nyheder-inuit-ataqatigiit"],"_links":{"self":[{"href":"https:\/\/ia.gl\/kl\/wp-json\/wp\/v2\/posts\/6332","targetHints":{"allow":["GET"]}}],"collection":[{"href":"https:\/\/ia.gl\/kl\/wp-json\/wp\/v2\/posts"}],"about":[{"href":"https:\/\/ia.gl\/kl\/wp-json\/wp\/v2\/types\/post"}],"author":[{"embeddable":true,"href":"https:\/\/ia.gl\/kl\/wp-json\/wp\/v2\/users\/1"}],"replies":[{"embeddable":true,"href":"https:\/\/ia.gl\/kl\/wp-json\/wp\/v2\/comments?post=6332"}],"version-history":[{"count":1,"href":"https:\/\/ia.gl\/kl\/wp-json\/wp\/v2\/posts\/6332\/revisions"}],"predecessor-version":[{"id":6333,"href":"https:\/\/ia.gl\/kl\/wp-json\/wp\/v2\/posts\/6332\/revisions\/6333"}],"wp:featuredmedia":[{"embeddable":true,"href":"https:\/\/ia.gl\/kl\/wp-json\/wp\/v2\/media\/461"}],"wp:attachment":[{"href":"https:\/\/ia.gl\/kl\/wp-json\/wp\/v2\/media?parent=6332"}],"wp:term":[{"taxonomy":"category","embeddable":true,"href":"https:\/\/ia.gl\/kl\/wp-json\/wp\/v2\/categories?post=6332"},{"taxonomy":"post_tag","embeddable":true,"href":"https:\/\/ia.gl\/kl\/wp-json\/wp\/v2\/tags?post=6332"}],"curies":[{"name":"wp","href":"https:\/\/api.w.org\/{rel}","templated":true}]}}