{"id":6330,"date":"2015-01-02T18:13:57","date_gmt":"2015-01-02T18:13:57","guid":{"rendered":"https:\/\/demo.ia.gl\/reaktion-paa-naalakkersuisuts-nytaarstale-uligheden-vil-fortsaette\/"},"modified":"2024-07-14T20:46:00","modified_gmt":"2024-07-14T20:46:00","slug":"reaktion-paa-naalakkersuisuts-nytaarstale-uligheden-vil-fortsaette","status":"publish","type":"post","link":"https:\/\/ia.gl\/kl\/reaktion-paa-naalakkersuisuts-nytaarstale-uligheden-vil-fortsaette\/","title":{"rendered":"Reaktion p\u00e5 Naalakkersuisuts nyt\u00e5rstale: Uligheden vil forts\u00e6tte"},"content":{"rendered":"<p>Inuit Ataqatigiit vil starte med, at \u00f8nske borgerne og Naalakkersuisut et godt nyt\u00e5r. Vi h\u00e5ber at de mange ord om samarbejde vil blive til virkelighed i 2015.<br \/>\nVi er allerede nu enige om mange ting. Vi \u00f8nsker ogs\u00e5 at indtjeningen stiger indenfor vores erhverv og ser frem til bred dialog om hvordan det bedst opn\u00e5s. Vi er ogs\u00e5 glade for at det nye Naalakkersuisut hilser vores forslag om et r\u00e5stofr\u00e5d velkomment. Vi har k\u00e6mpet for at der skulle etableres et s\u00e5dant r\u00e5d og nu bliver det til virkelighed. Vi er enige med Naalakkersuisut i, at der skal \u00f8get fokus p\u00e5 hjeml\u00f8ses vilk\u00e5r og p\u00e5 selvmord. Det er vigtigt at man indt\u00e6nker hele landet i disse tiltag og ikke kun enkelte steder.<br \/>\nN\u00e5r der inviteres til samarbejde er det vigtigt at dette f\u00f8lges op med handling. Vi er for eksempel overraskede over at Naalakkersuisut allerede har besluttet sig for en r\u00e6kke infrastrukturprojekter udenom Inatsisartut og uden om oppositionen. Vi har en r\u00e6kke sp\u00f8rgsm\u00e5l til denne nye trafikstruktur, som vi h\u00e5ber vi f\u00e5r lejlighed til at sp\u00f8rge Naalakkersuisut om. Vi ser frem til en invitation til dialog.<\/p>\n<p><strong>\u00d8konomien<\/strong><br \/>\nFormanden for Naalakkersuisut, Kim Kielsen, gjorde det klart, at han forst\u00e5r behovet for nye arbejdspladser og v\u00e6kst baseret p\u00e5 penge udefra. Det store sp\u00f8rgsm\u00e5l er dog hvilke investorer man forventer at kunne tiltr\u00e6kke og p\u00e5 hvilke betingelser. Det er ikke nok at sige at man er \u00e5ben for investorer udefra \u2013 de rette betingelser skal ogs\u00e5 v\u00e6re til stede hvis det skal blive til virkelighed. Indtil da er det tomme ord.<br \/>\nDerudover er det bekymrende at Formanden for Naalakkersuisut overhovedet ikke talte om behovet for en bedre styring af landskassen. Derimod var talen sp\u00e6kket med gyldne l\u00f8fter til en r\u00e6kke befolkningsgrupper og erhvervslivet. L\u00f8fter der skal finansieres af landskassen. En landskasse der som situationen er i dag prim\u00e6rt fyldes af den danske stat og af penge skabt i fiskeriet. Vi m\u00e5 sp\u00f8rge: hvem skal betale for de mange gyldne l\u00f8fter?<br \/>\nDer er ingen tvivl om at finanslovsforslaget for 2015 bliver meget afg\u00f8rende for landets udvikling og for den enkelte borgers pengepung \u2013 Inuit Ataqatigiit h\u00e5ber p\u00e5 at Naalakkersuisut forst\u00e5r deres store ansvar n\u00e5r de l\u00e6gger landets budget.<\/p>\n<p><strong>Ulighed<\/strong><br \/>\nMeget tyder p\u00e5, at de der bliver h\u00e5rdest ramt af Naalakkersuisuts politik er de fattigste \u00e6ldre, de ledige, de lavtl\u00f8nnede og den del af befolkningen der har de mindste ressourcer. Disse grupper var frav\u00e6rende i talen. Hvilke levevilk\u00e5r vil vi str\u00e6be efter? Hvilke ambitioner er der omkring vores aktieselskaber og de forskellige servicekontrakter? Politikken p\u00e5 disse omr\u00e5der p\u00e5virker befolkningen meget direkte i form af forbrugerpriser og arbejdspladser. Landet bliver ikke rigere, hvis ikke vi f\u00e5r flere med p\u00e5 arbejdsmarkedet og i f\u00e6lleskabet.<br \/>\nNaalakkersuisut l\u00e6gger ikke op til en socialt ansvarlig politik \u2013 men til en politik der forts\u00e6tter med at grave gr\u00f8ften st\u00f8rre mellem rig og fattig. Inuit Ataqatigiit vil k\u00e6mpe imod denne politik da vi mener den rammer hele landet negativt. Vi har ikke brug for at \u00f8ge uligheden, men bek\u00e6mpe den, s\u00e5 flere kan bidrage til f\u00e6llesskabet.<br \/>\nFormanden for Naalakkersuisut varslede en ny tarifstruktur omkring el, vand og varme. Inuit Ataqatigiit ser frem til en dialog om en ny model. Vi bliver n\u00f8dt til at finde en model der er rimelig for alle, uanset om man bor i en bygd eller en by. Og en model der b\u00e5de tager hensyn til erhvervslivet og til den almindelige forbruger.<\/p>\n<p><strong>Prioritering mangler<\/strong><br \/>\nVi ser frem til at h\u00f8re n\u00e6rmere om det planlagte besk\u00e6ftigelsesfradrag. Dette fradrag er tilt\u00e6nkt alle, uanset hvor h\u00f8j en l\u00f8n man f\u00e5r. Inuit Ataqatigiit forst\u00e5r ikke den prioritering. Vi vil gerne samarbejde om et besk\u00e6ftigelsesfradrag, men vi mener at det b\u00f8r g\u00e5 til de lavest l\u00f8nnede. Form\u00e5let er at skabe incitament til arbejde \u2013 og derfor b\u00f8r fradraget rettes mod dem der tjener mindst. Ellers er det bare endnu en skattelettelse til de rige, betalt af is\u00e6r dem der har mindst.<br \/>\nDer blev brugt meget tid p\u00e5 at tale om bedre vilk\u00e5r for erhvervslivet og for iv\u00e6rks\u00e6ttere. Men der kom ikke et eneste konkret eksempel p\u00e5 en lov eller regel der skal \u00e6ndres, for at skabe bedre rammer. Det eneste der tales om, er lempelser af skatter- og afgifter. Det kan v\u00e6re meget godt, men vi savner en prioritering fra Naalakkersuisut.<\/p>\n<p><strong>IA \u00f8nsker samlet familiepolitik<\/strong><br \/>\nEn gruppe der s\u00e6rlig blev n\u00e6vnt var de \u00e6ldre, der kan se frem til en pensionsreform der is\u00e6r giver flere penge til de \u00e6ldre der i dag har mest, p\u00e5 bekostning af dem der har mindst. Enlige \u00e6ldre og \u00e6ldre der ikke har en biindt\u00e6gt bliver dem der f\u00e5r det mindste udbytte af Naalakkersuisuts pensionsreform. Inuit Ataqatigiit kan ikke forst\u00e5, at man i en tid med presset \u00f8konomi aktivt prioriterer dem der har mest over dem der har mindst.<br \/>\nEndeligt er vi skuffede over at der ikke blev brugt mere tid p\u00e5 at tale om landets b\u00f8rn og unge. Vi kommer ikke udenom, at de vilk\u00e5r vi giver b\u00f8rnefamilierne i dag, har en meget direkte effekt p\u00e5 landets udvikling fremover. Det er fint at Naalakkersuisut vil renovere sportshaller, men det er stadigt et problem at nogle b\u00f8rn st\u00e5r udenfor sportsf\u00e6lleskabet fordi der ikke er r\u00e5d til kontingent og udstyr eller ikke har for\u00e6ldre der bakker op. Det problem l\u00f8ses ikke ved at renovere gulve og vinduer i sportshaller. Der mangler en sammenh\u00e6ngende familiepolitik og den vil vi gerne samarbejde om.<\/p>\n<p><strong>Slingrekurs<\/strong><br \/>\nFormanden for Naalakkersuisut beklagede den politiske slingrekurs og sagde, at stabilitet ikke kan opn\u00e5s hvis vi hele tiden \u00e6ndrer retning. Inuit Ataqatigiit er enige med Formanden for Naalakkersuisut i dette. Derfor kan vi heller ikke forst\u00e5, at den nye koalition planl\u00e6gger at tilbagerulle alle de reformer der allerede er igangsat.<br \/>\nSlingrekursen oph\u00f8rer f\u00f8rst n\u00e5r blokpolitikken brydes og der er reel interesse fra koalitionens side i samarbejde og i at lade oppositionen f\u00e5 medindflydelse. Lad 2015 blive det \u00e5r hvor dette sker.<\/p>\n<p>&nbsp;<\/p>\n","protected":false},"excerpt":{"rendered":"<p>Inuit Ataqatigiit vil starte med, at \u00f8nske borgerne og Naalakkersuisut et godt nyt\u00e5r. Vi h\u00e5ber at de mange ord om samarbejde vil blive til virkelighed i 2015. Vi er allerede nu enige om mange ting. Vi \u00f8nsker ogs\u00e5 at indtjeningen stiger indenfor vores erhverv og ser frem til bred dialog om hvordan det bedst opn\u00e5s. [&hellip;]<\/p>\n","protected":false},"author":1,"featured_media":461,"comment_status":"closed","ping_status":"closed","sticky":false,"template":"","format":"standard","meta":{"footnotes":""},"categories":[19],"tags":[],"class_list":["post-6330","post","type-post","status-publish","format-standard","has-post-thumbnail","hentry","category-seneste-nyheder-inuit-ataqatigiit"],"_links":{"self":[{"href":"https:\/\/ia.gl\/kl\/wp-json\/wp\/v2\/posts\/6330","targetHints":{"allow":["GET"]}}],"collection":[{"href":"https:\/\/ia.gl\/kl\/wp-json\/wp\/v2\/posts"}],"about":[{"href":"https:\/\/ia.gl\/kl\/wp-json\/wp\/v2\/types\/post"}],"author":[{"embeddable":true,"href":"https:\/\/ia.gl\/kl\/wp-json\/wp\/v2\/users\/1"}],"replies":[{"embeddable":true,"href":"https:\/\/ia.gl\/kl\/wp-json\/wp\/v2\/comments?post=6330"}],"version-history":[{"count":1,"href":"https:\/\/ia.gl\/kl\/wp-json\/wp\/v2\/posts\/6330\/revisions"}],"predecessor-version":[{"id":6331,"href":"https:\/\/ia.gl\/kl\/wp-json\/wp\/v2\/posts\/6330\/revisions\/6331"}],"wp:featuredmedia":[{"embeddable":true,"href":"https:\/\/ia.gl\/kl\/wp-json\/wp\/v2\/media\/461"}],"wp:attachment":[{"href":"https:\/\/ia.gl\/kl\/wp-json\/wp\/v2\/media?parent=6330"}],"wp:term":[{"taxonomy":"category","embeddable":true,"href":"https:\/\/ia.gl\/kl\/wp-json\/wp\/v2\/categories?post=6330"},{"taxonomy":"post_tag","embeddable":true,"href":"https:\/\/ia.gl\/kl\/wp-json\/wp\/v2\/tags?post=6330"}],"curies":[{"name":"wp","href":"https:\/\/api.w.org\/{rel}","templated":true}]}}