{"id":6322,"date":"2014-12-19T15:34:42","date_gmt":"2014-12-19T15:34:42","guid":{"rendered":"https:\/\/demo.ia.gl\/inuit-ataqatigiit-stiller-spoergsmaal-til-naalakkersuisut-om-pituffik-2\/"},"modified":"2024-07-14T20:46:00","modified_gmt":"2024-07-14T20:46:00","slug":"inuit-ataqatigiit-stiller-spoergsmaal-til-naalakkersuisut-om-pituffik-2","status":"publish","type":"post","link":"https:\/\/ia.gl\/kl\/inuit-ataqatigiit-stiller-spoergsmaal-til-naalakkersuisut-om-pituffik-2\/","title":{"rendered":"Inuit Ataqatigiit stiller sp\u00f8rgsm\u00e5l til Naalakkersuisut om Pituffik"},"content":{"rendered":"<p>Nuuk, 19. december, 2014<\/p>\n<p>&nbsp;<\/p>\n<p>Under valgkampen br\u00f8d sagen om servicekontrakten p\u00e5 Pituffik ud i lys lue. Naalakkersuisut har v\u00e6ret bem\u00e6rkelsesv\u00e6rdigt tavse i sagen. Et medlem af Naalakkersuisut har endda udtalt, at han ikke var informeret om sagens gang. I Folketinget har der v\u00e6ret stort fokus p\u00e5 sagen. Gr\u00f8nlandsudvalget har afholdt \u00e5bent samr\u00e5d, hvor Udenrigsministeren blandt andet udtalte, at Naalakkersuisut under hele forhandlingen om servicekontrakten har v\u00e6ret t\u00e6t involveret og informeret. Folketinget har nu besluttet at afholde et hastesamr\u00e5d om sagen i januar m\u00e5ned. Der er appelsag med frist den 20. februar i en s\u00e6rlig klagedomstol i USA, hvortil de selskaber som ikke fik servicekontrakten har klaget.<\/p>\n<p>&nbsp;<\/p>\n<p>Inuit Ataqatigiit har \u00f8nsket at indg\u00e5 direkte dialog med Naalakkersuisut om sagen, men har ikke haft held medat f\u00e5 flertal til at indkalde Formanden for Naalakkersuisut og Naalakkersuisoq for Udenrigsanliggender i samr\u00e5d i Inatsisartuts Udenrigs- og sikkerhedspolitiske udvalg. Vi mener det er af stor vigtighed, at Inatsisartut holdes fuldst\u00e6ndig opdateret i denne sag, samt at det afd\u00e6kkes, hvad Naalakkersuisut rolle i sagen har v\u00e6ret.<\/p>\n<p>Vi forventer at der snarest vil komme en udmelding fra officiel side. De mange ubesvarede sp\u00f8rgsm\u00e5l rejser usikkerhed, b\u00e5de hos enkelpersoner, i virksomheder og hos alle der bekymrer sig om landskassens fremtid.<\/p>\n<p>Sp\u00f8rgsm\u00e5lene bedes besvaret inden 10 arbejdsdage.<\/p>\n<p>&nbsp;<\/p>\n<p>&nbsp;<\/p>\n<p><strong>\u00a0Med den begrundelse stiller Sara olsvig f\u00f8lgende sp\u00f8rgsm\u00e5l:<\/strong><\/p>\n<p>&nbsp;<\/p>\n<p>Sp\u00f8rgsm\u00e5l:<\/p>\n<ul>\n<li>Under hvilket departement h\u00f8rer sagen om servicekontrakten i Pituffik? Hvis det er et delt ansvarsomr\u00e5de mellem flere departementer, hvordan er det s\u00e5 fordelt?<\/li>\n<li>Hvilken kommunikation har der v\u00e6ret internt mellem Selvstyrets departementerog mellem Selvstyret og den danske stat om sagen?<\/li>\n<li>Har der v\u00e6ret en forvarslende henvendelse fra den danske Stat til Naalakkersuisut? I s\u00e5 fald hvorn\u00e5r og med hvilket budskab? Hvordan har Naalakkersuisut behandlet en eventuel henvendelse?<\/li>\n<li>Hvad er Naalakkersuisuts vurdering af konsekvenserne af sagen for det gr\u00f8nlandske samfund, henholdsvis \u00f8konomisk, l\u00e6rlinge- og praktikpladsm\u00e6ssigt og p\u00e5 andre m\u00e5der?<\/li>\n<li>Mener Naalakkersuisut det er i orden, at det selskab der har f\u00e5et servicekontrakten ikke er et gr\u00f8nlandsk eller dansk selskab, men et amerikansk selskab?<\/li>\n<li>Har Naalakkersuisut g\u00f8det jorden for at kontrakten skulle blive p\u00e5 gr\u00f8nlandsk\/danske h\u00e6nder og har der v\u00e6ret fremsat krav om at det gr\u00f8nlandske samfund fortsat skulle tilgodeses i form af opgaver og indt\u00e6gter?<\/li>\n<li>Har emnet v\u00e6ret rejst og forfulgt af Naalakkersuisut i Permanent Committee eller et andet relevant forum? Og p\u00e5 hvilken m\u00e5de og hvorn\u00e5r?<\/li>\n<li>Mener Naalakkersuisut at alle krav er opfyldt i forbindelse med tildeling af servicekontrakten?<\/li>\n<li>Er Naalakkersuisut sikre p\u00e5, at g\u00e6ldende overenskomster fortsat vil blive overholdt og at skatteindt\u00e6gterne vil v\u00e6re p\u00e5 samme niveau fremover?<\/li>\n<li>Er Naalakkersuisut sikre p\u00e5, at antallet af l\u00e6rlingepladser forbliver det samme?<\/li>\n<li>Den tidligere Naalakkersuisoq for finanser udtalte i Nuuk TV under valgkampen, at han som Naalakkersuisoq ikke var orienteret om sagen. Hvilke medlemmer af Naalakkersuisut har s\u00e5 v\u00e6ret orienteret om sagen og dens \u00f8konomiske konsekvenser?<\/li>\n<li>Den danske kammeradvokat skriver i sin udtalelse om sagen, at der kan anf\u00f8res argumenter b\u00e5de for og imod opretholdelsen af kravet om certificering af selskaber mens den danske udenrigsminister under \u00e5bent samr\u00e5d om sagen i Folketinget gentagne gange udtalte, at det var grundet EU retten, at Danmark ikke l\u00e6ngere kunne certificere selskaber. Hvad er Naalakkersuisuts holdning til denne side af sagen?<\/li>\n<li>Hvilke konkrete skridt agter Naalakkersuisut at tage fremadrettet for at rette op p\u00e5 denne sag?<\/li>\n<\/ul>\n<p>&nbsp;<\/p>\n<p>Sara Olsvig,<\/p>\n<p>&nbsp;<\/p>\n<p>Siulittaasoq, Inuit Ataqatigiit Kattuffiat<\/p>\n","protected":false},"excerpt":{"rendered":"<p>Nuuk, 19. december, 2014 &nbsp; Under valgkampen br\u00f8d sagen om servicekontrakten p\u00e5 Pituffik ud i lys lue. Naalakkersuisut har v\u00e6ret bem\u00e6rkelsesv\u00e6rdigt tavse i sagen. Et medlem af Naalakkersuisut har endda udtalt, at han ikke var informeret om sagens gang. I Folketinget har der v\u00e6ret stort fokus p\u00e5 sagen. Gr\u00f8nlandsudvalget har afholdt \u00e5bent samr\u00e5d, hvor Udenrigsministeren [&hellip;]<\/p>\n","protected":false},"author":1,"featured_media":461,"comment_status":"closed","ping_status":"closed","sticky":false,"template":"","format":"standard","meta":{"footnotes":""},"categories":[19],"tags":[],"class_list":["post-6322","post","type-post","status-publish","format-standard","has-post-thumbnail","hentry","category-seneste-nyheder-inuit-ataqatigiit"],"_links":{"self":[{"href":"https:\/\/ia.gl\/kl\/wp-json\/wp\/v2\/posts\/6322","targetHints":{"allow":["GET"]}}],"collection":[{"href":"https:\/\/ia.gl\/kl\/wp-json\/wp\/v2\/posts"}],"about":[{"href":"https:\/\/ia.gl\/kl\/wp-json\/wp\/v2\/types\/post"}],"author":[{"embeddable":true,"href":"https:\/\/ia.gl\/kl\/wp-json\/wp\/v2\/users\/1"}],"replies":[{"embeddable":true,"href":"https:\/\/ia.gl\/kl\/wp-json\/wp\/v2\/comments?post=6322"}],"version-history":[{"count":1,"href":"https:\/\/ia.gl\/kl\/wp-json\/wp\/v2\/posts\/6322\/revisions"}],"predecessor-version":[{"id":6323,"href":"https:\/\/ia.gl\/kl\/wp-json\/wp\/v2\/posts\/6322\/revisions\/6323"}],"wp:featuredmedia":[{"embeddable":true,"href":"https:\/\/ia.gl\/kl\/wp-json\/wp\/v2\/media\/461"}],"wp:attachment":[{"href":"https:\/\/ia.gl\/kl\/wp-json\/wp\/v2\/media?parent=6322"}],"wp:term":[{"taxonomy":"category","embeddable":true,"href":"https:\/\/ia.gl\/kl\/wp-json\/wp\/v2\/categories?post=6322"},{"taxonomy":"post_tag","embeddable":true,"href":"https:\/\/ia.gl\/kl\/wp-json\/wp\/v2\/tags?post=6322"}],"curies":[{"name":"wp","href":"https:\/\/api.w.org\/{rel}","templated":true}]}}