{"id":6312,"date":"2014-12-16T08:56:00","date_gmt":"2014-12-16T08:56:00","guid":{"rendered":"https:\/\/demo.ia.gl\/en-flot-buket-ord\/"},"modified":"2024-07-14T20:46:00","modified_gmt":"2024-07-14T20:46:00","slug":"en-flot-buket-ord","status":"publish","type":"post","link":"https:\/\/ia.gl\/kl\/en-flot-buket-ord\/","title":{"rendered":"En flot buket ord"},"content":{"rendered":"<h2><strong>En flot buket ord<\/strong><\/h2>\n<p><em>Inuit Ataqatigiits kommentar til koalitionsaftalen<\/em><\/p>\n<p>Gr\u00f8nland g\u00e5r en sp\u00e6ndende og udfordrende tid i m\u00f8de. Vores \u00f8konomi er presset. Selvstyreaftalen og kommunesammenl\u00e6gningen har sat sig spor i samfundet, p\u00e5 godt og ondt. Det er p\u00e5 h\u00f8je tid vi politikere bliver skarpere i vores prioriteringer.<\/p>\n<p><strong>Hellere ansvar end floskler<br \/>\n<\/strong>Derfor har det for Inuit Ataqatigiit v\u00e6ret vigtigt, at n\u00e6rl\u00e6se Siumut, Atassut og Demokraatits koalitionsaftale. De mange siders udm\u00e6rkede hensigter er de kommende \u00e5rs ramme for regeringens politik. Vi ser mange gode ting i aftalen, og vi ser frem til at tage medansvar p\u00e5 de omr\u00e5der som vi med en god f\u00f8lelse i maven kan nikke ja til. Det sagt er der en r\u00e6kke omr\u00e5der vi f\u00f8ler, m\u00e5 belyses fra en anden vinkel. Det er n\u00f8dvendigt for at rette op p\u00e5 \u00f8konomien og for at sikre \u00f8get lighed iblandt befolkningen, s\u00e5vel geografisk som levevilk\u00e5rsm\u00e6ssigt.<\/p>\n<p><strong>Selvmodsigelsernes holdeplads<br \/>\n<\/strong>Under valgkampen h\u00f8rte vi alle partier tale h\u00f8jt om behovet for reformer. I koalitionsaftalen n\u00e6vnes reformtiltag p\u00e5 f\u00f8rtidspensions-, pensions-, skatte-, bolig- og erhvervsomr\u00e5det. Det er vi glade for. Dog har vi meget sv\u00e6rt ved at se de helt konkrete forslag til, hvordan disse reformer skal gennemf\u00f8res.<\/p>\n<p>Til vores undren er der flere steder noget selvmodsigende i de passager vi kan l\u00e6se i aftalen \u2013 nogle steder g\u00f8res det klart, at alle borgere skal have bedre forhold, mens der andre steder skrives, at der ved omfordeling skal sikres en mere solidarisk \u00f8konomisk politik. Nogen m\u00e5 jo af med noget. Det ville kl\u00e6de koalitionen at tage bladet fra munden og pege klart og tydeligt p\u00e5, hvor der skal spares og omrokeres midler. Det kr\u00e6ver mod, sved og t\u00e5rer.<\/p>\n<p><strong>Vil bl\u00e6se og have mel i munden<br \/>\n<\/strong>Stort set alle partier har under valgkampen ogs\u00e5 talt om en geografisk mere retf\u00e6rdig udvikling af landet. Fra Inuit Ataqatigiit har ogs\u00e5 vi gjort det klart, at vi \u00f8nsker et \u00f8get fokus p\u00e5 de mindre bosteder. Vi har peget p\u00e5 udvikling af vedvarende energikilder i bygder og mindre byer, og p\u00e5 en smidigg\u00f8relse af det administrative system omkring selvst\u00e6ndigt erhvervsdrivende. Disse ting er med i koalitionsaftalen.<\/p>\n<p>K\u00e6den hopper dog af, n\u00e5r koalitionen oven i det bastant proklamerer, at der skal gennemf\u00f8res privatiseringer af selvstyreejede selskaber. Det h\u00e6nger simpelthen ikke sammen med at ville sikre en god og tryg servicering af yderdistrikterne. Ogs\u00e5 her \u00f8nsker vi at koalitionen bliver klar i m\u00e6let og fort\u00e6ller \u00e5bent, hvordan de vil sikre \u00f8get lighed mellem byer og bygder, n\u00e5r de samtidig vil privatisere nogle af de centrale samfundsejede selskaber.<\/p>\n<p><strong>Udgifter for mindst en milliard<\/strong><br \/>\nDen flotte buket af l\u00f8fter pynter p\u00e5 et julebord. Men det bliver hurtigt hverdag igen. Realiteten sk\u00e6rer os alle i \u00f8jnene og vi er n\u00f8dt til at justere vores forventninger. Et slag p\u00e5 tasken er, at der er for over en milliard kroners udgifter i koalitionsaftalen. Som under valgkampen er eneste indt\u00e6gtskilde der for alvor tr\u00e6kkes frem \u00f8gede indt\u00e6gter fra vores fisk. Vi vil meget gerne v\u00e6re med til at sikre en bedre \u00f8konomi fra fiskeriet, men her bliver det n\u00f8dvendigt at prioritere. Sp\u00f8rgsm\u00e5let er, at om koalitionen kan finde sammen om denne prioritering, og om de ogs\u00e5 her kan finde modet til at tage de sv\u00e6re beslutninger.<\/p>\n<p><strong>Tid en afg\u00f8rende faktor<br \/>\n<\/strong>Gabet mellem indt\u00e6gter og udgifter stiger m\u00e5ned for m\u00e5ned og \u00e5r for \u00e5r. Det er n\u00f8dvendigt at vi handler hurtigt. Inuit Ataqatigiit er klar til tage medansvar for de sv\u00e6re beslutninger. Vores krav er ansvarlighed og solidaritet.<\/p>\n<p>Vi ser frem til at debattere alle emner. Ikke mindst ser vi frem til at deltage i forhandlinger, b\u00e5de i og uden for Inatsisartutsalen, om de tiltr\u00e6ngte reformer og store emner som skal tages beslutninger om.<br \/>\nVi vil g\u00f8re det klart, at vi bliver en konstruktiv opposition som g\u00e5r efter bolden, ikke personen.<br \/>\nTil sidst vil vi fra Inuit Ataqatigiit \u00f8nske det nye Naalakkersuisut og det nye Inatsisartut tillykke.<\/p>\n<p>For yderligere oplysninger kan kontaktes<\/p>\n<p>Sara Olsvig, 526858<br \/>\nFormand, Inuit Ataqatigiit Kattuffiat<\/p>\n","protected":false},"excerpt":{"rendered":"<p>En flot buket ord Inuit Ataqatigiits kommentar til koalitionsaftalen Gr\u00f8nland g\u00e5r en sp\u00e6ndende og udfordrende tid i m\u00f8de. Vores \u00f8konomi er presset. Selvstyreaftalen og kommunesammenl\u00e6gningen har sat sig spor i samfundet, p\u00e5 godt og ondt. Det er p\u00e5 h\u00f8je tid vi politikere bliver skarpere i vores prioriteringer. Hellere ansvar end floskler Derfor har det for [&hellip;]<\/p>\n","protected":false},"author":1,"featured_media":461,"comment_status":"closed","ping_status":"closed","sticky":false,"template":"","format":"standard","meta":{"footnotes":""},"categories":[19],"tags":[],"class_list":["post-6312","post","type-post","status-publish","format-standard","has-post-thumbnail","hentry","category-seneste-nyheder-inuit-ataqatigiit"],"_links":{"self":[{"href":"https:\/\/ia.gl\/kl\/wp-json\/wp\/v2\/posts\/6312","targetHints":{"allow":["GET"]}}],"collection":[{"href":"https:\/\/ia.gl\/kl\/wp-json\/wp\/v2\/posts"}],"about":[{"href":"https:\/\/ia.gl\/kl\/wp-json\/wp\/v2\/types\/post"}],"author":[{"embeddable":true,"href":"https:\/\/ia.gl\/kl\/wp-json\/wp\/v2\/users\/1"}],"replies":[{"embeddable":true,"href":"https:\/\/ia.gl\/kl\/wp-json\/wp\/v2\/comments?post=6312"}],"version-history":[{"count":1,"href":"https:\/\/ia.gl\/kl\/wp-json\/wp\/v2\/posts\/6312\/revisions"}],"predecessor-version":[{"id":6313,"href":"https:\/\/ia.gl\/kl\/wp-json\/wp\/v2\/posts\/6312\/revisions\/6313"}],"wp:featuredmedia":[{"embeddable":true,"href":"https:\/\/ia.gl\/kl\/wp-json\/wp\/v2\/media\/461"}],"wp:attachment":[{"href":"https:\/\/ia.gl\/kl\/wp-json\/wp\/v2\/media?parent=6312"}],"wp:term":[{"taxonomy":"category","embeddable":true,"href":"https:\/\/ia.gl\/kl\/wp-json\/wp\/v2\/categories?post=6312"},{"taxonomy":"post_tag","embeddable":true,"href":"https:\/\/ia.gl\/kl\/wp-json\/wp\/v2\/tags?post=6312"}],"curies":[{"name":"wp","href":"https:\/\/api.w.org\/{rel}","templated":true}]}}