{"id":6302,"date":"2014-11-27T14:00:56","date_gmt":"2014-11-27T14:00:56","guid":{"rendered":"https:\/\/demo.ia.gl\/aeldre-skal-hoeres-og-bruges\/"},"modified":"2024-07-14T20:46:00","modified_gmt":"2024-07-14T20:46:00","slug":"aeldre-skal-hoeres-og-bruges","status":"publish","type":"post","link":"https:\/\/ia.gl\/kl\/aeldre-skal-hoeres-og-bruges\/","title":{"rendered":"\u00c6ldre skal h\u00f8res og bruges"},"content":{"rendered":"<p><em>Af Agathe Fontain<\/em><\/p>\n<p>De \u00e6ldres viden har en stor v\u00e6rdi for Inuit Ataqatigiit. Derfor mener vi, at deres livserfaring skal b\u00e5de h\u00f8res og bruges, som en vigtig del af samfundet. Vi mener, at de \u00e6ldre skal bo i eget hjem, s\u00e5 l\u00e6nge det er muligt.<\/p>\n<p>Og s\u00e5 skal vi selvf\u00f8lgeligt prioritere dem der har brug for pleje. Vi ser flere og flere \u00e6ldre, som faktisk bor p\u00e5 sygestuer, fordi der ikke er plads til dem p\u00e5 pleje-afdelingerne. Det er ikke v\u00e6rdigt.<\/p>\n<p><strong>Dementplanen skal f\u00f8lges op<br \/>\n<\/strong>Vi skal v\u00e6re mere opm\u00e6rk som p\u00e5, at der er flere og flere demente. Dement-planen som blev f\u00e6rdigt under IA\u00b4s regeringstid, skal f\u00f8lges op. De demente skal behandles med v\u00e6rdighed og st\u00f8ttes til at have et godt liv.<\/p>\n<p><strong>Generationer skal knytte b\u00e5nd<br \/>\n<\/strong>Der findes b\u00f8rn, som ikke har kontakt med den \u00e6ldre generation. B\u00f8rneinstitu-tioner og skolerne skal have mulighed for inviterer de \u00e6ldre til arrangementer og samtaler, s\u00e5 samv\u00e6ret kan \u00f8ges mellem generationerne. Udviklingen i vores land foreg\u00e5r hastigt og der er brug for at skabe sammenh\u00e6ng og knytte b\u00e5nd mellem vores generationer. Generationernes levevilk\u00e5r har v\u00e6ret vidt forskellige og det er vigtigt at vores b\u00f8rn h\u00f8rer vores historie fortalt fra andet end b\u00f8ger. Den levende samtale er en vigtig l\u00e6rermester.<\/p>\n<p><strong>\u00c6ldreboliger skal bygges<br \/>\n<\/strong>\u00c6ldreboliger skal bygges til den voksende \u00e6ldregeneration og vi skal sikre os, at lovgivningen overholdes n\u00e5r det g\u00e6lder nem adgang for gangbesv\u00e6rede.<\/p>\n<p><strong>Skattereformen skal skabe tryghed<br \/>\n<\/strong>Skattereformen skal tage sociale hensyn. Det er vigtigt at skattereformen skaber tryghed for gruppen af \u00e6ldre og at vores lovgivning ikke er indrettet p\u00e5 en m\u00e5de der modarbejder gode hensigter. De \u00e6ldre borgere er forskellige og dette skal v\u00e6gtes. Nogle har behov for pleje og st\u00f8tte, andre har lyst og kr\u00e6fter til at arbejde eller bidrage til samfundet som frivillige. Reglerne skal h\u00e6nge sammen og ikke modarbejde hinanden. Livet skal give mening, uanset ens alder.<\/p>\n<p>Kontakt Agathe Fontain, mobil 48 45 31<\/p>\n","protected":false},"excerpt":{"rendered":"<p>Af Agathe Fontain De \u00e6ldres viden har en stor v\u00e6rdi for Inuit Ataqatigiit. Derfor mener vi, at deres livserfaring skal b\u00e5de h\u00f8res og bruges, som en vigtig del af samfundet. Vi mener, at de \u00e6ldre skal bo i eget hjem, s\u00e5 l\u00e6nge det er muligt. Og s\u00e5 skal vi selvf\u00f8lgeligt prioritere dem der har brug [&hellip;]<\/p>\n","protected":false},"author":1,"featured_media":461,"comment_status":"closed","ping_status":"closed","sticky":false,"template":"","format":"standard","meta":{"footnotes":""},"categories":[19],"tags":[],"class_list":["post-6302","post","type-post","status-publish","format-standard","has-post-thumbnail","hentry","category-seneste-nyheder-inuit-ataqatigiit"],"_links":{"self":[{"href":"https:\/\/ia.gl\/kl\/wp-json\/wp\/v2\/posts\/6302","targetHints":{"allow":["GET"]}}],"collection":[{"href":"https:\/\/ia.gl\/kl\/wp-json\/wp\/v2\/posts"}],"about":[{"href":"https:\/\/ia.gl\/kl\/wp-json\/wp\/v2\/types\/post"}],"author":[{"embeddable":true,"href":"https:\/\/ia.gl\/kl\/wp-json\/wp\/v2\/users\/1"}],"replies":[{"embeddable":true,"href":"https:\/\/ia.gl\/kl\/wp-json\/wp\/v2\/comments?post=6302"}],"version-history":[{"count":1,"href":"https:\/\/ia.gl\/kl\/wp-json\/wp\/v2\/posts\/6302\/revisions"}],"predecessor-version":[{"id":6303,"href":"https:\/\/ia.gl\/kl\/wp-json\/wp\/v2\/posts\/6302\/revisions\/6303"}],"wp:featuredmedia":[{"embeddable":true,"href":"https:\/\/ia.gl\/kl\/wp-json\/wp\/v2\/media\/461"}],"wp:attachment":[{"href":"https:\/\/ia.gl\/kl\/wp-json\/wp\/v2\/media?parent=6302"}],"wp:term":[{"taxonomy":"category","embeddable":true,"href":"https:\/\/ia.gl\/kl\/wp-json\/wp\/v2\/categories?post=6302"},{"taxonomy":"post_tag","embeddable":true,"href":"https:\/\/ia.gl\/kl\/wp-json\/wp\/v2\/tags?post=6302"}],"curies":[{"name":"wp","href":"https:\/\/api.w.org\/{rel}","templated":true}]}}