{"id":6300,"date":"2014-11-27T11:05:33","date_gmt":"2014-11-27T11:05:33","guid":{"rendered":"https:\/\/demo.ia.gl\/krisen-er-en-realitet\/"},"modified":"2024-07-14T20:46:00","modified_gmt":"2024-07-14T20:46:00","slug":"krisen-er-en-realitet","status":"publish","type":"post","link":"https:\/\/ia.gl\/kl\/krisen-er-en-realitet\/","title":{"rendered":"Krisen er en realitet"},"content":{"rendered":"<p>&nbsp;<\/p>\n<p>Det er utroligt s\u00e5 travlt der er ved h\u00e5ndvasken efter at landskassens underskud endelig er blevet kendt!<\/p>\n<p>Det skyldes &#8220;bare&#8221; svigtende indt\u00e6gter siger Qujaukitsoq. Men svigtende indt\u00e6gter er netop det der viser krisens dybde. Der importeres mindre, hvilket betyder at der forbruges mindre og der produceres mindre fra erhvervslivet. Det betyder igen f\u00e6rre arbejdspladser og f\u00e6rre A-skatter. Det betyder flere borgere med stram \u00f8konomi og flere virksomheder med vigende indt\u00e6gter. Det er derfor ufatteligt, at Kim Kielsen er tryg ved Qujaukitsoqs styring af \u00f8konomien. I en s\u00e5dan grad at han for nyligt udtalte &#8220;Vittus har styr p\u00e5 \u00f8konomien&#8221;. Til det kan jeg kun bem\u00e6rke: &#8220;det er jeg lodret uenig i&#8221;!<\/p>\n<p>Jeg savner selvransagelse i koalitionen efter halvandet \u00e5rs kaotisk styre. Jeg savner basal indsigt i samfundets indretning. Jeg savner forst\u00e5else for den vanskelige situation Kielsen og Qujaukitsoq s\u00e6tter befolkningen i. Det her kommer til at g\u00f8re ondt p\u00e5 alle &#8211; is\u00e6r dem der har mindst.<\/p>\n<p>Jeg savner at flere tager et medansvar for de politiske budskaber Inuit Ataqatigiit kommer med: krisen er en realitet. Der bliver ikke kun tale om skattelettelser og prestigeprojekter.<\/p>\n<p>Inuit Ataqatigiit er parate til at p\u00e5tage sig lederskabet med folkets opbakning. Vi vil arbejde h\u00e5rdt for at borgerne bliver ramt i mindst mulig omfang. Vi ved godt, at vi ikke er et rigt samfund og at mange har en stram \u00f8konomi &#8211; ogs\u00e5 dem med boliger. Vi kommer ingen vegne med at kv\u00e6le folks virketrang. Den skal fremmes og det er vi parate til at sikre gennem reformer og nye initiativer. Men vi vil ikke tildeles magten p\u00e5 baggrund af falske foruds\u00e6tninger.<\/p>\n<p>Vi er der for befolkningen og vi arbejder for befolkningen. Men vi t\u00f8r se realiteterne i \u00f8jnene og tale h\u00f8jt om dem. Vi stoler p\u00e5, at det gr\u00f8nlandske folk godt kan t\u00e5le at h\u00f8re sandheden og bidrage til at vi kommer ud af krisen styrket.<\/p>\n","protected":false},"excerpt":{"rendered":"<p>&nbsp; Det er utroligt s\u00e5 travlt der er ved h\u00e5ndvasken efter at landskassens underskud endelig er blevet kendt! Det skyldes &#8220;bare&#8221; svigtende indt\u00e6gter siger Qujaukitsoq. Men svigtende indt\u00e6gter er netop det der viser krisens dybde. Der importeres mindre, hvilket betyder at der forbruges mindre og der produceres mindre fra erhvervslivet. Det betyder igen f\u00e6rre arbejdspladser [&hellip;]<\/p>\n","protected":false},"author":1,"featured_media":461,"comment_status":"closed","ping_status":"closed","sticky":false,"template":"","format":"standard","meta":{"footnotes":""},"categories":[19],"tags":[],"class_list":["post-6300","post","type-post","status-publish","format-standard","has-post-thumbnail","hentry","category-seneste-nyheder-inuit-ataqatigiit"],"_links":{"self":[{"href":"https:\/\/ia.gl\/kl\/wp-json\/wp\/v2\/posts\/6300","targetHints":{"allow":["GET"]}}],"collection":[{"href":"https:\/\/ia.gl\/kl\/wp-json\/wp\/v2\/posts"}],"about":[{"href":"https:\/\/ia.gl\/kl\/wp-json\/wp\/v2\/types\/post"}],"author":[{"embeddable":true,"href":"https:\/\/ia.gl\/kl\/wp-json\/wp\/v2\/users\/1"}],"replies":[{"embeddable":true,"href":"https:\/\/ia.gl\/kl\/wp-json\/wp\/v2\/comments?post=6300"}],"version-history":[{"count":1,"href":"https:\/\/ia.gl\/kl\/wp-json\/wp\/v2\/posts\/6300\/revisions"}],"predecessor-version":[{"id":6301,"href":"https:\/\/ia.gl\/kl\/wp-json\/wp\/v2\/posts\/6300\/revisions\/6301"}],"wp:featuredmedia":[{"embeddable":true,"href":"https:\/\/ia.gl\/kl\/wp-json\/wp\/v2\/media\/461"}],"wp:attachment":[{"href":"https:\/\/ia.gl\/kl\/wp-json\/wp\/v2\/media?parent=6300"}],"wp:term":[{"taxonomy":"category","embeddable":true,"href":"https:\/\/ia.gl\/kl\/wp-json\/wp\/v2\/categories?post=6300"},{"taxonomy":"post_tag","embeddable":true,"href":"https:\/\/ia.gl\/kl\/wp-json\/wp\/v2\/tags?post=6300"}],"curies":[{"name":"wp","href":"https:\/\/api.w.org\/{rel}","templated":true}]}}