{"id":6206,"date":"2014-10-20T11:05:36","date_gmt":"2014-10-20T11:05:36","guid":{"rendered":"https:\/\/demo.ia.gl\/selvransagelse\/"},"modified":"2024-07-14T20:45:56","modified_gmt":"2024-07-14T20:45:56","slug":"selvransagelse","status":"publish","type":"post","link":"https:\/\/ia.gl\/kl\/selvransagelse\/","title":{"rendered":"Selvransagelse"},"content":{"rendered":"<p><strong>Jeg m\u00e5 indr\u00f8mme, at de seneste m\u00e5neders f\u00f8rte politik i vores land har gjort det til en blandet forn\u00f8jelse af v\u00e6re politiker. Der har v\u00e6ret b\u00e5de negativt og positivt, dog langt mest negativt. Men lad mig starte med det positive:<\/strong><\/p>\n<p>At folket gik p\u00e5 gaden i Nuuk og talst\u00e6rkt protesterede over f\u00f8rst placering af en ny Inatsisartut-bygning p\u00e5 Aqqaluks Plads, og siden protesterede s\u00e5 kraftigt imod Naalakkersuisut, at regeringen gik i indre opl\u00f8sning og udskrev nyvalg, er tegn p\u00e5, at vores demokrati &#8211; i yderste konsekvens &#8211; fungerer. P\u00e5 trods af alle knaster og endel\u00f8se skandaler i de seneste 18 m\u00e5neder.<\/p>\n<p>For Benjamin, Sak\u00e6us og befolkningen ude p\u00e5 kysten m\u00e5 Naalakkersuisuts fald, og navnlig m\u00e5den det foregik p\u00e5, have forekommet som en fjern, men grotesk forestilling. Pinligt var det i hvert fald.<\/p>\n<p>Hvis vi som politikere lyver eller tager af kassen \u2013 eller g\u00f8r begge dele \u2013 mister befolkning al respekt for politik og os politikere. Til slut er der ingen mennesker, som ved sine fulde fem vil s\u00f8ge ans\u00e6ttelse i det offentlige, hverken i Selvstyret eller vores kommuner. Vort lands dygtigste, oftest yngre, medarbejdere l\u00f8ber allerede nu skrigende bort og s\u00f8ger job og karriere uden for vores land. Denne udvikling amputerer is\u00e6r vores private erhvervsliv, som er den sektor, hvor nye id\u00e9er om v\u00e6kst i vores samfund skal opst\u00e5. Og vi politikere b\u00e6rer det st\u00f8rste ansvar for denne negative udvikling.<\/p>\n<p>Der er brug for, at vi politikere vender blikket indad og sp\u00f8rger os selv, hvorfor vi har s\u00f8gt magten og indflydelsen i vores samfund. Er det for at berige os selv og vores n\u00e6rmeste? Som levebr\u00f8dspolitikere? Eller er det for at gennemf\u00f8re nogle h\u00e5rde, men n\u00f8dvendige forandringer og forbedringer af vores samfund til alles bedste?<\/p>\n<p>Min holdning \u2013 og holdningen i Inuit Ataqatigiit \u2013 er, at politisk magt kun er til l\u00e5ns. Der er en indbygget slutdato. En dag skal stafetten gives videre til andre, som s\u00e5 skal k\u00e6mpe videre for forbedringer af vores samfund. N\u00e5r jeg kigger rundt i det politiske landskab i vores land har jeg dog meget sv\u00e6rt ved at se, at denne holdning er specielt udbredt. Men sikkert og vist er det, at vi alle st\u00e5r til regnskab for vores gerninger. L\u00f8bende, og p\u00e5 den yderste dag. Og den dag er bestemt af v\u00e6lgerne.<\/p>\n<p>Som politikere m\u00e5 vi vedkende os, at vi skal v\u00e6re bannerf\u00f8rere for en offentlig kultur, som er baseret p\u00e5 vores v\u00e6rdier om ligev\u00e6rd, sammenhold og selvst\u00e6ndighed. Og svigter vi vores egne v\u00e6rdier, svigter vi ikke bare os selv, men vores land.<\/p>\n<p>Vi skal holde op med at sp\u00f8rge, hvad vores land kan g\u00f8re for os. Vi skal i stedet sp\u00f8rge, hvad vi kan g\u00f8re for vores land! Det g\u00e6lder os alle.<\/p>\n<p><em>Med venlig hilsen<\/em><\/p>\n<p><strong><em>Allan Pertti Frandsen, Inuit Ataqatigiit<\/em><\/strong><\/p>\n<p>Medlem af\u00a0Kommunalbestyrelsen, Kommuneqarfik Sermersooq<\/p>\n<p><strong>Mobil +299 598755<\/strong><strong>, <\/strong><a href=\"mailto:apfr@sermersooq.gl\">apfr@sermersooq.gl<\/a>, <a href=\"http:\/\/www.facebook.com\/ia.pertti\" target=\"_blank\" rel=\"noopener\">www.facebook.com\/ia.pertti<\/a><\/p>\n","protected":false},"excerpt":{"rendered":"<p>Jeg m\u00e5 indr\u00f8mme, at de seneste m\u00e5neders f\u00f8rte politik i vores land har gjort det til en blandet forn\u00f8jelse af v\u00e6re politiker. Der har v\u00e6ret b\u00e5de negativt og positivt, dog langt mest negativt. Men lad mig starte med det positive: At folket gik p\u00e5 gaden i Nuuk og talst\u00e6rkt protesterede over f\u00f8rst placering af en [&hellip;]<\/p>\n","protected":false},"author":1,"featured_media":461,"comment_status":"closed","ping_status":"closed","sticky":false,"template":"","format":"standard","meta":{"footnotes":""},"categories":[19],"tags":[],"class_list":["post-6206","post","type-post","status-publish","format-standard","has-post-thumbnail","hentry","category-seneste-nyheder-inuit-ataqatigiit"],"_links":{"self":[{"href":"https:\/\/ia.gl\/kl\/wp-json\/wp\/v2\/posts\/6206","targetHints":{"allow":["GET"]}}],"collection":[{"href":"https:\/\/ia.gl\/kl\/wp-json\/wp\/v2\/posts"}],"about":[{"href":"https:\/\/ia.gl\/kl\/wp-json\/wp\/v2\/types\/post"}],"author":[{"embeddable":true,"href":"https:\/\/ia.gl\/kl\/wp-json\/wp\/v2\/users\/1"}],"replies":[{"embeddable":true,"href":"https:\/\/ia.gl\/kl\/wp-json\/wp\/v2\/comments?post=6206"}],"version-history":[{"count":1,"href":"https:\/\/ia.gl\/kl\/wp-json\/wp\/v2\/posts\/6206\/revisions"}],"predecessor-version":[{"id":6207,"href":"https:\/\/ia.gl\/kl\/wp-json\/wp\/v2\/posts\/6206\/revisions\/6207"}],"wp:featuredmedia":[{"embeddable":true,"href":"https:\/\/ia.gl\/kl\/wp-json\/wp\/v2\/media\/461"}],"wp:attachment":[{"href":"https:\/\/ia.gl\/kl\/wp-json\/wp\/v2\/media?parent=6206"}],"wp:term":[{"taxonomy":"category","embeddable":true,"href":"https:\/\/ia.gl\/kl\/wp-json\/wp\/v2\/categories?post=6206"},{"taxonomy":"post_tag","embeddable":true,"href":"https:\/\/ia.gl\/kl\/wp-json\/wp\/v2\/tags?post=6206"}],"curies":[{"name":"wp","href":"https:\/\/api.w.org\/{rel}","templated":true}]}}