{"id":6162,"date":"2014-09-18T10:22:05","date_gmt":"2014-09-18T10:22:05","guid":{"rendered":"https:\/\/demo.ia.gl\/hvordan-skaffer-vi-arbejdspladser-til-foertidspensionister\/"},"modified":"2024-07-14T20:45:55","modified_gmt":"2024-07-14T20:45:55","slug":"hvordan-skaffer-vi-arbejdspladser-til-foertidspensionister","status":"publish","type":"post","link":"https:\/\/ia.gl\/kl\/hvordan-skaffer-vi-arbejdspladser-til-foertidspensionister\/","title":{"rendered":"Hvordan skaffer vi arbejdspladser til f\u00f8rtidspensionister?"},"content":{"rendered":"<p><strong>Naalakkersuisoq for Familie og Justitsv\u00e6sen meddeler at, hun vil spare i alt omkring 18 mio. ved at sende f\u00f8rtidspensionister tilbage til arbejdsmarkedet.<\/strong><\/p>\n<p>Jeg er enig med Martha Lund Olsen i, at der er for mange f\u00f8rtidspensionister i forhold til indbyggertallet, og at denne problematik kr\u00e6ver politisk handling. Jeg roser Naalakkersuisut, at de tager emnet op, men s\u00e6tter sp\u00f8rgsm\u00e5lstegn ved hvordan Naalakkersuisut vil skaffe arbejdspladser til de 600 f\u00f8rtidspensionister.<\/p>\n<p>Realiteten er at landet lider af stor arbejdsl\u00f8shed, og kommunerne som kommer til at b\u00e6re det store ansvar for problematikken har ogs\u00e5 \u00f8konomiske udfordringer. Lige nu er der ikke arbejdspladser nok i vores land, p\u00e5 baggrund af realiteter skal jeg sp\u00f8rge Naalakkersuisoq for Familie og Justitsv\u00e6sen om det er det rigtige tidspunkt at komme med s\u00e5dan et \u00e6ndringsforslag.<\/p>\n<p>Jeg er bekymret for, at f\u00f8rtidspensionisterne ender med ikke at f\u00e5 et arbejde, simpelthen fordi landet mangler v\u00e6kst. Set med mine \u00f8jne kan det ende med at st\u00f8rstedelen af de 600 f\u00f8rtidspensionister flyttes til arbejdsl\u00f8shedsk\u00f8en, hvilken er en d\u00e5rlig l\u00f8sning.<\/p>\n<p>Kontakt Inuusuttut Ataqatigiit, n\u00e6st formand Jane Petersen, mobil: 58 74 10<\/p>\n","protected":false},"excerpt":{"rendered":"<p>Naalakkersuisoq for Familie og Justitsv\u00e6sen meddeler at, hun vil spare i alt omkring 18 mio. ved at sende f\u00f8rtidspensionister tilbage til arbejdsmarkedet. Jeg er enig med Martha Lund Olsen i, at der er for mange f\u00f8rtidspensionister i forhold til indbyggertallet, og at denne problematik kr\u00e6ver politisk handling. Jeg roser Naalakkersuisut, at de tager emnet op, [&hellip;]<\/p>\n","protected":false},"author":1,"featured_media":461,"comment_status":"closed","ping_status":"closed","sticky":false,"template":"","format":"standard","meta":{"footnotes":""},"categories":[19],"tags":[],"class_list":["post-6162","post","type-post","status-publish","format-standard","has-post-thumbnail","hentry","category-seneste-nyheder-inuit-ataqatigiit"],"_links":{"self":[{"href":"https:\/\/ia.gl\/kl\/wp-json\/wp\/v2\/posts\/6162","targetHints":{"allow":["GET"]}}],"collection":[{"href":"https:\/\/ia.gl\/kl\/wp-json\/wp\/v2\/posts"}],"about":[{"href":"https:\/\/ia.gl\/kl\/wp-json\/wp\/v2\/types\/post"}],"author":[{"embeddable":true,"href":"https:\/\/ia.gl\/kl\/wp-json\/wp\/v2\/users\/1"}],"replies":[{"embeddable":true,"href":"https:\/\/ia.gl\/kl\/wp-json\/wp\/v2\/comments?post=6162"}],"version-history":[{"count":1,"href":"https:\/\/ia.gl\/kl\/wp-json\/wp\/v2\/posts\/6162\/revisions"}],"predecessor-version":[{"id":6163,"href":"https:\/\/ia.gl\/kl\/wp-json\/wp\/v2\/posts\/6162\/revisions\/6163"}],"wp:featuredmedia":[{"embeddable":true,"href":"https:\/\/ia.gl\/kl\/wp-json\/wp\/v2\/media\/461"}],"wp:attachment":[{"href":"https:\/\/ia.gl\/kl\/wp-json\/wp\/v2\/media?parent=6162"}],"wp:term":[{"taxonomy":"category","embeddable":true,"href":"https:\/\/ia.gl\/kl\/wp-json\/wp\/v2\/categories?post=6162"},{"taxonomy":"post_tag","embeddable":true,"href":"https:\/\/ia.gl\/kl\/wp-json\/wp\/v2\/tags?post=6162"}],"curies":[{"name":"wp","href":"https:\/\/api.w.org\/{rel}","templated":true}]}}