{"id":6160,"date":"2014-09-18T09:39:04","date_gmt":"2014-09-18T09:39:04","guid":{"rendered":"https:\/\/demo.ia.gl\/folketinget-sara-olsvig-overlader-stafetten-til-johan-lund-olsen\/"},"modified":"2024-07-14T20:45:55","modified_gmt":"2024-07-14T20:45:55","slug":"folketinget-sara-olsvig-overlader-stafetten-til-johan-lund-olsen","status":"publish","type":"post","link":"https:\/\/ia.gl\/kl\/folketinget-sara-olsvig-overlader-stafetten-til-johan-lund-olsen\/","title":{"rendered":"Folketinget: Sara Olsvig overlader stafetten til Johan Lund Olsen"},"content":{"rendered":"<p><strong>Mandag den 15. september takkede Johan Lund Olsen sin partikollega Sara Olsvig for i Inuit Ataqatigiits navn at have v\u00e6ret et yderst aktivt medlem af Folketinget, siden hun tr\u00e5dte ind efter valget i 2011. Nu hviler opgaven p\u00e5 Lund Olsen i resten af valgperioden.<\/strong><\/p>\n<p>Skiftet sker efter at nu tidligere medlem gennem tre \u00e5r, Sara Olsvig, i maj m\u00e5ned blev valgt som formand for Inuit Ataqatigiit. Sara har som ny formand for partiet valgt at tr\u00e6de ud af Folketinget s\u00e5 hun kan koncentrere sig om sin nye post og arbejdet i Gr\u00f8nland. Johan har fungeret som stedfortr\u00e6der i to omgange tidligere, og er derfor ikke ukendt med opgaven.<\/p>\n<p>Som medlem af Folketinget har Sara Olsvig blandt andet arbejdet m\u00e5lrettet p\u00e5 at g\u00f8re Inuit Ataqatigiit til et st\u00e6rkt og uafh\u00e6ngigt parti i det danske parlament. Hun har ogs\u00e5 v\u00e6gtet et bredt samarbejde og en god dialog p\u00e5 tv\u00e6rs af partifarver og skel, og det er ogs\u00e5 i den \u00e5nd Lund Olsen agter at arbejde videre.<\/p>\n<p>Sara Olsvig: \u201dDet har v\u00e6ret vigtigt for mig at have vores egen klare stemme i Folketinget, men ogs\u00e5 en stemme som gerne vil den gode dialog bredt. Det har ogs\u00e5 v\u00e6ret en h\u00f8j prioritet at f\u00e5 sat Arktis p\u00e5 dagsordenen. Det lykkes p\u00e5 flere fronter. Blandt andet ved at vi kort f\u00f8r sommerferien nedsatte en Arktisk arbejdsgruppe i Folketinget, ligesom jeg som Folketingets repr\u00e6sentant i Arktisk Parlamentariker Komite, f\u00f8rst som n\u00e6stformand og senest som formand for komiteen, v\u00e6ret i dialog og haft konkret samarbejde med politikerkolleger i hele Arktis\u201d.<\/p>\n<p>Johan Lund Olsen indtager Folketinget med sindsro, for det er langt fra nyt for ham at arbejde med politik. Dels har han siddet som Olsvigs stedfortr\u00e6der i Folketinget i to omgange, og dels har han igennem mange \u00e5r arbejdet med politik b\u00e5de i Inatsisartut som medlem og i perioder i Naalakkersuisut som minister. Senest har han arbejdet som r\u00e5dgiver hos Inuit Ataqatigiit i Nuuk.<\/p>\n<p>Johan Lund Olsen: \u201dDet er klart at jeg har gl\u00e6det mig til at komme i arbejdst\u00f8jet. Det er en forn\u00f8jelse, n\u00e5r kontoret her har indsamlet s\u00e5 meget dokumentation om de sager vi arbejder med. Det letter arbejdet og f\u00f8rer til en bedre chance for at n\u00e5 vores m\u00e5l, blandt andet i forbindelse med finanslovsforslaget for 2015. Det har jeg kastet mig ud i fra dag et, og jeg gl\u00e6der mig til at tr\u00e6kke p\u00e5 de gode erfaringer jeg fik med fra sidste \u00e5rs forhandlinger. Her var vi med til at sikre 20 millioner ekstraordin\u00e6rt til bunkebek\u00e6mpelse i de gr\u00f8nlandske retter. Det er netop det brede samarbejde og den gode dialog der kan fremme de sager vi arbejder med\u201d, slutter Johan.<\/p>\n<p>Kontakt: <a href=\"mailto:johan.lund.olsen@ft.dk\">johan.lund.olsen@ft.dk<\/a> tlf.; +45 33 37 54 10 eller Sara Olsvig, <a href=\"mailto:saol@inatsisartut.gl\">saol@inatsisartut.gl<\/a>\u00a0\u00a0mobil: +299 52 68 58<\/p>\n","protected":false},"excerpt":{"rendered":"<p>Mandag den 15. september takkede Johan Lund Olsen sin partikollega Sara Olsvig for i Inuit Ataqatigiits navn at have v\u00e6ret et yderst aktivt medlem af Folketinget, siden hun tr\u00e5dte ind efter valget i 2011. Nu hviler opgaven p\u00e5 Lund Olsen i resten af valgperioden. Skiftet sker efter at nu tidligere medlem gennem tre \u00e5r, Sara [&hellip;]<\/p>\n","protected":false},"author":1,"featured_media":461,"comment_status":"closed","ping_status":"closed","sticky":false,"template":"","format":"standard","meta":{"footnotes":""},"categories":[19],"tags":[],"class_list":["post-6160","post","type-post","status-publish","format-standard","has-post-thumbnail","hentry","category-seneste-nyheder-inuit-ataqatigiit"],"_links":{"self":[{"href":"https:\/\/ia.gl\/kl\/wp-json\/wp\/v2\/posts\/6160","targetHints":{"allow":["GET"]}}],"collection":[{"href":"https:\/\/ia.gl\/kl\/wp-json\/wp\/v2\/posts"}],"about":[{"href":"https:\/\/ia.gl\/kl\/wp-json\/wp\/v2\/types\/post"}],"author":[{"embeddable":true,"href":"https:\/\/ia.gl\/kl\/wp-json\/wp\/v2\/users\/1"}],"replies":[{"embeddable":true,"href":"https:\/\/ia.gl\/kl\/wp-json\/wp\/v2\/comments?post=6160"}],"version-history":[{"count":1,"href":"https:\/\/ia.gl\/kl\/wp-json\/wp\/v2\/posts\/6160\/revisions"}],"predecessor-version":[{"id":6161,"href":"https:\/\/ia.gl\/kl\/wp-json\/wp\/v2\/posts\/6160\/revisions\/6161"}],"wp:featuredmedia":[{"embeddable":true,"href":"https:\/\/ia.gl\/kl\/wp-json\/wp\/v2\/media\/461"}],"wp:attachment":[{"href":"https:\/\/ia.gl\/kl\/wp-json\/wp\/v2\/media?parent=6160"}],"wp:term":[{"taxonomy":"category","embeddable":true,"href":"https:\/\/ia.gl\/kl\/wp-json\/wp\/v2\/categories?post=6160"},{"taxonomy":"post_tag","embeddable":true,"href":"https:\/\/ia.gl\/kl\/wp-json\/wp\/v2\/tags?post=6160"}],"curies":[{"name":"wp","href":"https:\/\/api.w.org\/{rel}","templated":true}]}}