{"id":6158,"date":"2014-09-17T15:38:52","date_gmt":"2014-09-17T15:38:52","guid":{"rendered":"https:\/\/demo.ia.gl\/inuusuttut-ataqatigiit-ungdomsarbejdsloesheden-stadigvaek-et-problem\/"},"modified":"2024-07-14T20:45:55","modified_gmt":"2024-07-14T20:45:55","slug":"inuusuttut-ataqatigiit-ungdomsarbejdsloesheden-stadigvaek-et-problem","status":"publish","type":"post","link":"https:\/\/ia.gl\/kl\/inuusuttut-ataqatigiit-ungdomsarbejdsloesheden-stadigvaek-et-problem\/","title":{"rendered":"Inuusuttut Ataqatigiit: Ungdomsarbejdsl\u00f8sheden stadigv\u00e6k et problem"},"content":{"rendered":"<p><em>Inuusuttut Ataqatigiit har i l\u00f8bet af for\u00e5ret flere gange p\u00e5peget, at ungdomsarbejdsl\u00f8sheden er en tikkende bombe for vores velf\u00e6rdssamfund. \u00a0\u00a0<\/em><\/p>\n<p><strong>Positiv fremgang, men\u2026<\/strong><\/p>\n<p>Det seneste arbejdsl\u00f8shedstal fra august 2014 viser fald p\u00e5 arbejdsl\u00f8sheden p\u00e5 181 personer set i forhold til sidste \u00e5r.<br \/>\n\u201dDet i sig selv, er positivt, men n\u00e5r man n\u00e6rl\u00e6ser tallene, s\u00e5 er der noget, at v\u00e6re bekymret over. Inuusuttut Ataqatigiit, er is\u00e6r bekymret over den massive ungdomsarbejdsl\u00f8shed. Tallene viser os, at ud af de 3.167 arbejdss\u00f8gende, s\u00e5 er 1.446 af dem 18-34-\u00e5rige. Rundt regnet, er det 46 % af de arbejdss\u00f8gende og det, er alt for h\u00f8jt. Der er noget rivende galt, n\u00e5r s\u00e5 mange unge mennesker er arbejdsl\u00f8se, og der m\u00e5 handles straks for at f\u00e5 de unge tilbage til besk\u00e6ftigelse.\u201d \u00a0&#8211; Siger formanden for Inuusuttut Ataqatigiit M\u00fate Bourup Egede.<\/p>\n<p><strong>Vision\u00e6re handlingsplaner m\u00e5 ogs\u00e5 tages i brug<\/strong><\/p>\n<p>Inuusuttut Ataqatigiit mener, at handlingsplaner der nu bruges, er blottet for visioner. \u201dVi mener, at man g\u00e5r for meget i brandslukningsmode for, at f\u00e5 l\u00f8st problemet. Det kan godt v\u00e6re, at dette er n\u00f8dvendigt, men s\u00e5 skal man ogs\u00e5 lave langsigtede hand-lingsplaner ved siden af.\u201d mener M\u00fate Bourup Egede.<\/p>\n<p>Inuusuttut Ataqatigiit mener, at alle m\u00e5 samarbejde og fokusere p\u00e5, at l\u00f8se arbejdsl\u00f8shedsproblemet som en helhed. \u201dVi opfordrer derfor, at Selvstyret, Kommunerne, erhvervslivet og andre relevante akt\u00f8rer s\u00e6tter sig ned, og sammen finder p\u00e5 konkrete l\u00f8sninger, der kan l\u00f8se arbejdsl\u00f8shedsproblematikken. Is\u00e6r med fokus p\u00e5 de unge arbejdsl\u00f8se,\u201d opfordrer formanden for Inuusuttut Ataqatigiit.<\/p>\n<p>Kontakt formand for Inussuttut Ataqatigiit M\u00fate B. Egede, mobil: 24 06 09<\/p>\n","protected":false},"excerpt":{"rendered":"<p>Inuusuttut Ataqatigiit har i l\u00f8bet af for\u00e5ret flere gange p\u00e5peget, at ungdomsarbejdsl\u00f8sheden er en tikkende bombe for vores velf\u00e6rdssamfund. \u00a0\u00a0 Positiv fremgang, men\u2026 Det seneste arbejdsl\u00f8shedstal fra august 2014 viser fald p\u00e5 arbejdsl\u00f8sheden p\u00e5 181 personer set i forhold til sidste \u00e5r. \u201dDet i sig selv, er positivt, men n\u00e5r man n\u00e6rl\u00e6ser tallene, s\u00e5 er [&hellip;]<\/p>\n","protected":false},"author":1,"featured_media":461,"comment_status":"closed","ping_status":"closed","sticky":false,"template":"","format":"standard","meta":{"footnotes":""},"categories":[19],"tags":[],"class_list":["post-6158","post","type-post","status-publish","format-standard","has-post-thumbnail","hentry","category-seneste-nyheder-inuit-ataqatigiit"],"_links":{"self":[{"href":"https:\/\/ia.gl\/kl\/wp-json\/wp\/v2\/posts\/6158","targetHints":{"allow":["GET"]}}],"collection":[{"href":"https:\/\/ia.gl\/kl\/wp-json\/wp\/v2\/posts"}],"about":[{"href":"https:\/\/ia.gl\/kl\/wp-json\/wp\/v2\/types\/post"}],"author":[{"embeddable":true,"href":"https:\/\/ia.gl\/kl\/wp-json\/wp\/v2\/users\/1"}],"replies":[{"embeddable":true,"href":"https:\/\/ia.gl\/kl\/wp-json\/wp\/v2\/comments?post=6158"}],"version-history":[{"count":1,"href":"https:\/\/ia.gl\/kl\/wp-json\/wp\/v2\/posts\/6158\/revisions"}],"predecessor-version":[{"id":6159,"href":"https:\/\/ia.gl\/kl\/wp-json\/wp\/v2\/posts\/6158\/revisions\/6159"}],"wp:featuredmedia":[{"embeddable":true,"href":"https:\/\/ia.gl\/kl\/wp-json\/wp\/v2\/media\/461"}],"wp:attachment":[{"href":"https:\/\/ia.gl\/kl\/wp-json\/wp\/v2\/media?parent=6158"}],"wp:term":[{"taxonomy":"category","embeddable":true,"href":"https:\/\/ia.gl\/kl\/wp-json\/wp\/v2\/categories?post=6158"},{"taxonomy":"post_tag","embeddable":true,"href":"https:\/\/ia.gl\/kl\/wp-json\/wp\/v2\/tags?post=6158"}],"curies":[{"name":"wp","href":"https:\/\/api.w.org\/{rel}","templated":true}]}}