{"id":6152,"date":"2014-09-10T14:37:05","date_gmt":"2014-09-10T14:37:05","guid":{"rendered":"https:\/\/demo.ia.gl\/kommunerne-og-naalakkersuisut-maa-finde-en-loesning\/"},"modified":"2024-07-14T20:45:54","modified_gmt":"2024-07-14T20:45:54","slug":"kommunerne-og-naalakkersuisut-maa-finde-en-loesning","status":"publish","type":"post","link":"https:\/\/ia.gl\/kl\/kommunerne-og-naalakkersuisut-maa-finde-en-loesning\/","title":{"rendered":"Kommunerne og Naalakkersuisut m\u00e5 finde en l\u00f8sning"},"content":{"rendered":"<p>Efter INI A\/S&#8217; annoncering om de beboere der bliver smidt ud af genhusningsboliger, m\u00e5 kommunerne og Naalakkersuisut g\u00e5 i dialog og finde en l\u00f8sning for de borgere der st\u00e5r uden tag over hovedet.<\/p>\n<p><strong>\u00c5rsager til hjeml\u00f8shed er mange<br \/>\n<\/strong>N\u00e5r en person kommer ud i hjeml\u00f8shed, er det normalt et resultat af flere begivenheder, som personen ikke selv har megen indflydelse p\u00e5. Det kunne vi l\u00e6se i rapporten om hjeml\u00f8shed der udkom sidste sommer.<\/p>\n<p>Mange personer eller husstande havde meget ofte haft et normalt liv med egen bolig i mange \u00e5r, men begivenheder som fx arbejdsl\u00f8shed, skilsmisse, d\u00f8dsfald i familien eller sygdom havde bragt dem ud i hjeml\u00f8shed.<\/p>\n<p><strong>B\u00f8r hj\u00e6lpes til en bedre tilv\u00e6relse<br \/>\n<\/strong>Alkohol og stofmisbrug var ogs\u00e5 en \u00e5rsag til hjeml\u00f8shed, men i flere tilf\u00e6lde var alkoholen dog mere en f\u00f8lge af andre forhold og et fors\u00f8g p\u00e5 at dulme en umulig situation; taget alt dette i betragtning b\u00f8r de personer hj\u00e6lpes til en bedre til-v\u00e6relse; end at blive smidt p\u00e5 gaden.<\/p>\n<p><strong>Frygter at udvandringen vil stige<br \/>\n<\/strong>&#8220;Jeg er bekymret for den nye situation; jeg frygter at udvandringen til Danmark vil stige og at vi f\u00e5r flere hjeml\u00f8se p\u00e5 landsplan. Og disse forhold vil p\u00e5 ingen m\u00e5de styrke samfundet og de enkelte borgere der bliver ber\u00f8rt af det her. Jeg er is\u00e6r bekymret for Nuuk hvor der i forvejen er mange hjeml\u00f8se; og de kan alts\u00e5 ikke blive henvist til det private boligmarked. Det er absurd.&#8221;<\/p>\n<p>Medlem af Inatsisartut og Familieudvalget Juliane Henningsen,\u00a0mobil 48 81 48<\/p>\n<p>&nbsp;<\/p>\n<p>&nbsp;<\/p>\n","protected":false},"excerpt":{"rendered":"<p>Efter INI A\/S&#8217; annoncering om de beboere der bliver smidt ud af genhusningsboliger, m\u00e5 kommunerne og Naalakkersuisut g\u00e5 i dialog og finde en l\u00f8sning for de borgere der st\u00e5r uden tag over hovedet. \u00c5rsager til hjeml\u00f8shed er mange N\u00e5r en person kommer ud i hjeml\u00f8shed, er det normalt et resultat af flere begivenheder, som personen [&hellip;]<\/p>\n","protected":false},"author":1,"featured_media":461,"comment_status":"closed","ping_status":"closed","sticky":false,"template":"","format":"standard","meta":{"footnotes":""},"categories":[19],"tags":[],"class_list":["post-6152","post","type-post","status-publish","format-standard","has-post-thumbnail","hentry","category-seneste-nyheder-inuit-ataqatigiit"],"_links":{"self":[{"href":"https:\/\/ia.gl\/kl\/wp-json\/wp\/v2\/posts\/6152","targetHints":{"allow":["GET"]}}],"collection":[{"href":"https:\/\/ia.gl\/kl\/wp-json\/wp\/v2\/posts"}],"about":[{"href":"https:\/\/ia.gl\/kl\/wp-json\/wp\/v2\/types\/post"}],"author":[{"embeddable":true,"href":"https:\/\/ia.gl\/kl\/wp-json\/wp\/v2\/users\/1"}],"replies":[{"embeddable":true,"href":"https:\/\/ia.gl\/kl\/wp-json\/wp\/v2\/comments?post=6152"}],"version-history":[{"count":1,"href":"https:\/\/ia.gl\/kl\/wp-json\/wp\/v2\/posts\/6152\/revisions"}],"predecessor-version":[{"id":6153,"href":"https:\/\/ia.gl\/kl\/wp-json\/wp\/v2\/posts\/6152\/revisions\/6153"}],"wp:featuredmedia":[{"embeddable":true,"href":"https:\/\/ia.gl\/kl\/wp-json\/wp\/v2\/media\/461"}],"wp:attachment":[{"href":"https:\/\/ia.gl\/kl\/wp-json\/wp\/v2\/media?parent=6152"}],"wp:term":[{"taxonomy":"category","embeddable":true,"href":"https:\/\/ia.gl\/kl\/wp-json\/wp\/v2\/categories?post=6152"},{"taxonomy":"post_tag","embeddable":true,"href":"https:\/\/ia.gl\/kl\/wp-json\/wp\/v2\/tags?post=6152"}],"curies":[{"name":"wp","href":"https:\/\/api.w.org\/{rel}","templated":true}]}}