{"id":6142,"date":"2014-09-04T13:31:00","date_gmt":"2014-09-04T13:31:00","guid":{"rendered":"https:\/\/demo.ia.gl\/40-af-de-anbragte-boern-og-unge-staar-stadig-uden-handleplaner\/"},"modified":"2024-07-14T20:45:54","modified_gmt":"2024-07-14T20:45:54","slug":"40-af-de-anbragte-boern-og-unge-staar-stadig-uden-handleplaner","status":"publish","type":"post","link":"https:\/\/ia.gl\/kl\/40-af-de-anbragte-boern-og-unge-staar-stadig-uden-handleplaner\/","title":{"rendered":"40 % af de anbragte b\u00f8rn og unge st\u00e5r stadig uden handleplaner"},"content":{"rendered":"<p>Inuit Ataqatigiit indkalder Naalakkersuisoq for Familie Martha Lund Olsen til ENDNU et samr\u00e5d om anbragte b\u00f8rn og unge og kommunernes ansvar for overholdelse af loven.<\/p>\n<p>Det er tredje gang at vi m\u00e5 indkalde ministeren til samr\u00e5d, da der i vores \u00f8jne ikke er handling bag de fine politiske udtalelser; vi m\u00e5 l\u00e6se om i medierne.<\/p>\n<p>Inatsisartuts Familieudvalg p\u00e5lagde Naalakkersuisut at sikre at ALLE b\u00f8rn og unge anbragt uden for hjemmet skulle have en opdateret handleplan senest 1. september 2014. Det er ikke sket. Lige nu og her er der s\u00e5ledes 240 b\u00f8rn der er anbragt uden for hjemmet; det er 40 % der st\u00e5r uden den lovpligtige handleplan.<\/p>\n<p>&#8220;Vi kr\u00e6ver at ulovlighederne om de anbragte b\u00f8rn og unges individuelle handlingsplaner oph\u00f8rer, derfor har vi valgt at indkalde den ansvarlige politiske myndighed til endnu et samr\u00e5d. Det kan ikke v\u00e6re rigtigt at omkring 40 % af de anbragte b\u00f8rn og unge ikke har nogen handlingsplan for deres fremtid og forhold der vedr\u00f8rer dem og deres familier.<\/p>\n<p>Vi m\u00e5 overveje om ansvaret for udarbejdelsen af handleplaner og den generelle kontakt til b\u00f8rnenes familier skal overtages af en anden central myndighed under selvstyret, da ombudsmandens afrapporteringer bestemt ikke er opl\u00f8ftende l\u00e6sning, hvad ang\u00e5r b\u00f8rnenes kontakt til deres familier men ogs\u00e5 vedr\u00f8rende de manglende handleplaner.<\/p>\n<p>Det er en alvorlig sag, derfor vil vi ogs\u00e5 i dialog med alle socialudvalgene i samtlige kommuner, nu skal vi alle i dialog og finde en varig l\u00f8sning. Vi er klar over at kommunernes sagsbehandlere arbejder under et alt for stort pres, det skal vi lave om p\u00e5. Visse steder har vi set at en enkelt sagsbehandler har flere end 100 sager hun skal behandle, det er ikke v\u00e6rdigt for alle parter.&#8221; udtaler Juliane Henningsen.<\/p>\n<p>Kontakt: Juliane Henningsen, medlem af Familie- og Sundhedsudvalget, mobil 48 81 48<\/p>\n","protected":false},"excerpt":{"rendered":"<p>Inuit Ataqatigiit indkalder Naalakkersuisoq for Familie Martha Lund Olsen til ENDNU et samr\u00e5d om anbragte b\u00f8rn og unge og kommunernes ansvar for overholdelse af loven. Det er tredje gang at vi m\u00e5 indkalde ministeren til samr\u00e5d, da der i vores \u00f8jne ikke er handling bag de fine politiske udtalelser; vi m\u00e5 l\u00e6se om i medierne. [&hellip;]<\/p>\n","protected":false},"author":1,"featured_media":461,"comment_status":"closed","ping_status":"closed","sticky":false,"template":"","format":"standard","meta":{"footnotes":""},"categories":[19],"tags":[],"class_list":["post-6142","post","type-post","status-publish","format-standard","has-post-thumbnail","hentry","category-seneste-nyheder-inuit-ataqatigiit"],"_links":{"self":[{"href":"https:\/\/ia.gl\/kl\/wp-json\/wp\/v2\/posts\/6142","targetHints":{"allow":["GET"]}}],"collection":[{"href":"https:\/\/ia.gl\/kl\/wp-json\/wp\/v2\/posts"}],"about":[{"href":"https:\/\/ia.gl\/kl\/wp-json\/wp\/v2\/types\/post"}],"author":[{"embeddable":true,"href":"https:\/\/ia.gl\/kl\/wp-json\/wp\/v2\/users\/1"}],"replies":[{"embeddable":true,"href":"https:\/\/ia.gl\/kl\/wp-json\/wp\/v2\/comments?post=6142"}],"version-history":[{"count":1,"href":"https:\/\/ia.gl\/kl\/wp-json\/wp\/v2\/posts\/6142\/revisions"}],"predecessor-version":[{"id":6143,"href":"https:\/\/ia.gl\/kl\/wp-json\/wp\/v2\/posts\/6142\/revisions\/6143"}],"wp:featuredmedia":[{"embeddable":true,"href":"https:\/\/ia.gl\/kl\/wp-json\/wp\/v2\/media\/461"}],"wp:attachment":[{"href":"https:\/\/ia.gl\/kl\/wp-json\/wp\/v2\/media?parent=6142"}],"wp:term":[{"taxonomy":"category","embeddable":true,"href":"https:\/\/ia.gl\/kl\/wp-json\/wp\/v2\/categories?post=6142"},{"taxonomy":"post_tag","embeddable":true,"href":"https:\/\/ia.gl\/kl\/wp-json\/wp\/v2\/tags?post=6142"}],"curies":[{"name":"wp","href":"https:\/\/api.w.org\/{rel}","templated":true}]}}