{"id":6080,"date":"2014-06-27T10:00:45","date_gmt":"2014-06-27T10:00:45","guid":{"rendered":"https:\/\/demo.ia.gl\/dialog-nu\/"},"modified":"2024-07-14T20:45:52","modified_gmt":"2024-07-14T20:45:52","slug":"dialog-nu","status":"publish","type":"post","link":"https:\/\/ia.gl\/kl\/dialog-nu\/","title":{"rendered":"Dialog nu!"},"content":{"rendered":"<p><i>\u00c5bent brev til Naalakkersuisoq for Erhverv og R\u00e5stoffer <\/i><\/p>\n<p>K\u00e6re Jens-Erik Kirkegaard,<\/p>\n<p>som Naalakkersuisoq for erhverv og r\u00e5stoffer, har du et stort ansvar. Jeg har stor forst\u00e5else for den opgave du har. Den er ikke let og der er mange interesser at tage hensyn til.<\/p>\n<p>For 15 m\u00e5neder siden gik du til valg p\u00e5 at forbedre dialogen og \u00e5benheden p\u00e5 r\u00e5stofomr\u00e5det. Det var din personlige m\u00e6rkesag. Og du blev ikke bare valgt til Inatsisartut, du blev ogs\u00e5 udpeget til Naalakkersuisut. Dermed har du nu direkte adgang til at gennemf\u00f8re dine m\u00e6rkesager. Tillykke! Det er ikke alle der er s\u00e5 heldige og har det privilegium.<\/p>\n<p>I sidste ende er det op til v\u00e6lgerne at vurdere om du har opfyldt dine valgl\u00f8fter. Min egen personlige holdning er, at du stadigt har noget at bevise.<\/p>\n<p>Den sidste br\u00f8ler er efter min mening den nye lov\u00e6ndring til r\u00e5stofloven. Med en 5 ugers h\u00f8ringsfrist l\u00e6gger du op til at bestemte dokumenter fritages for aktindsigt og at klageadgangen for borgerne forsvinder. Men ikke et ord har man h\u00f8rt fra dig om hvorfor dette er n\u00f8dvendigt.<\/p>\n<p>Hvis man vil vide mere om argumenterne for en lov, plejer man at skulle l\u00e6se i lovens bem\u00e6rkninger. Men det bliver man ikke klogere af. Begrundelsen for at begr\u00e6nse aktindsigten er uklar og begrundelsen for at fjerne klageadgangen er slet ikke n\u00e6vnt. Heller ikke selv om det er at krav at Naalakkersuisut beskriver et lovforslags konsekvenser for borgerne. Her st\u00e5r der ikke et ord om at klageadgangen fjernes.<\/p>\n<p>Det runger derfor hult n\u00e5r du som medlem af Naalakkersuisut taler om vigtigheden af borgerinddragelse og betydningen af \u00e5benhed.<\/p>\n<p>Jeg synes det er vigtigt at du som den ansvarlige Naalakkersuisoq fort\u00e6ller os dine begrundelser for at fjerne klageadgangen og for at begr\u00e6nse aktindsigten. Og jeg inviterer derfor til en \u00e5ben dialog om dette. Der kan jo v\u00e6re ganske fornuftige begrundelser for dette, som vi ikke f\u00e5r indsigt i, hvis du ikke fort\u00e6ller om dem. Jeg ser frem til et svar som alle vil kunne forholde sig til, uanset om de er politikere, NGO\u2019er eller interesserede borgere.<\/p>\n<p>Med \u00f8nske om en god og \u00e5ben dialog<\/p>\n<p><i>Naaja H. Nathanielsen, medlem af Inatsisartut for Inuit Ataqatigiit<\/i><\/p>\n<p>&nbsp;<\/p>\n<p><b>Lovforslaget<\/b><\/p>\n<p><a href=\"http:\/\/naalakkersuisut.gl\/~\/media\/Nanoq\/Files\/Hearings\/2014\/Forslag_aendring_raastofloven\/Documents\/Pkt%20xx%20EM2014RstoflovLOV28GRL.pdf\" target=\"_blank\" rel=\"noopener\">http:\/\/naalakkersuisut.gl\/~\/media\/Nanoq\/Files\/Hearings\/2014\/Forslag_aendring_raastofloven\/Documents\/Pkt%20xx%20EM2014RstoflovLOV28GRL.pdf<\/a><\/p>\n<p><a href=\"http:\/\/naalakkersuisut.gl\/~\/media\/Nanoq\/Files\/Hearings\/2014\/Forslag_aendring_raastofloven\/Documents\/Pkt%20xx%20EM2014RstoflovLOV28DK.pdf\" target=\"_blank\" rel=\"noopener\">http:\/\/naalakkersuisut.gl\/~\/media\/Nanoq\/Files\/Hearings\/2014\/Forslag_aendring_raastofloven\/Documents\/Pkt%20xx%20EM2014RstoflovLOV28DK.pdf<\/a><\/p>\n<p>&nbsp;<\/p>\n<p><b>Bem\u00e6rkninger til loven<\/b><\/p>\n<p><a href=\"http:\/\/naalakkersuisut.gl\/~\/media\/Nanoq\/Files\/Hearings\/2014\/Forslag_aendring_raastofloven\/Documents\/Pktxx_EM2014_Rstoflov_BEM28_GRL.pdf\" target=\"_blank\" rel=\"noopener\">http:\/\/naalakkersuisut.gl\/~\/media\/Nanoq\/Files\/Hearings\/2014\/Forslag_aendring_raastofloven\/Documents\/Pktxx_EM2014_Rstoflov_BEM28_GRL.pdf<\/a><\/p>\n<p><a href=\"http:\/\/naalakkersuisut.gl\/~\/media\/Nanoq\/Files\/Hearings\/2014\/Forslag_aendring_raastofloven\/Documents\/Pktxx_EM2014_Rstoflov_BEM28_DK.pdf\" target=\"_blank\" rel=\"noopener\">http:\/\/naalakkersuisut.gl\/~\/media\/Nanoq\/Files\/Hearings\/2014\/Forslag_aendring_raastofloven\/Documents\/Pktxx_EM2014_Rstoflov_BEM28_DK.pdf<\/a><\/p>\n<p>&nbsp;<\/p>\n","protected":false},"excerpt":{"rendered":"<p>\u00c5bent brev til Naalakkersuisoq for Erhverv og R\u00e5stoffer K\u00e6re Jens-Erik Kirkegaard, som Naalakkersuisoq for erhverv og r\u00e5stoffer, har du et stort ansvar. Jeg har stor forst\u00e5else for den opgave du har. Den er ikke let og der er mange interesser at tage hensyn til. For 15 m\u00e5neder siden gik du til valg p\u00e5 at forbedre [&hellip;]<\/p>\n","protected":false},"author":1,"featured_media":461,"comment_status":"closed","ping_status":"closed","sticky":false,"template":"","format":"standard","meta":{"footnotes":""},"categories":[19],"tags":[],"class_list":["post-6080","post","type-post","status-publish","format-standard","has-post-thumbnail","hentry","category-seneste-nyheder-inuit-ataqatigiit"],"_links":{"self":[{"href":"https:\/\/ia.gl\/kl\/wp-json\/wp\/v2\/posts\/6080","targetHints":{"allow":["GET"]}}],"collection":[{"href":"https:\/\/ia.gl\/kl\/wp-json\/wp\/v2\/posts"}],"about":[{"href":"https:\/\/ia.gl\/kl\/wp-json\/wp\/v2\/types\/post"}],"author":[{"embeddable":true,"href":"https:\/\/ia.gl\/kl\/wp-json\/wp\/v2\/users\/1"}],"replies":[{"embeddable":true,"href":"https:\/\/ia.gl\/kl\/wp-json\/wp\/v2\/comments?post=6080"}],"version-history":[{"count":1,"href":"https:\/\/ia.gl\/kl\/wp-json\/wp\/v2\/posts\/6080\/revisions"}],"predecessor-version":[{"id":6081,"href":"https:\/\/ia.gl\/kl\/wp-json\/wp\/v2\/posts\/6080\/revisions\/6081"}],"wp:featuredmedia":[{"embeddable":true,"href":"https:\/\/ia.gl\/kl\/wp-json\/wp\/v2\/media\/461"}],"wp:attachment":[{"href":"https:\/\/ia.gl\/kl\/wp-json\/wp\/v2\/media?parent=6080"}],"wp:term":[{"taxonomy":"category","embeddable":true,"href":"https:\/\/ia.gl\/kl\/wp-json\/wp\/v2\/categories?post=6080"},{"taxonomy":"post_tag","embeddable":true,"href":"https:\/\/ia.gl\/kl\/wp-json\/wp\/v2\/tags?post=6080"}],"curies":[{"name":"wp","href":"https:\/\/api.w.org\/{rel}","templated":true}]}}