{"id":6068,"date":"2014-06-11T13:35:18","date_gmt":"2014-06-11T13:35:18","guid":{"rendered":"https:\/\/demo.ia.gl\/formand-for-naalakkersuisut-konfrontationer-er-ikke-et-styrketegn\/"},"modified":"2024-07-14T20:45:51","modified_gmt":"2024-07-14T20:45:51","slug":"formand-for-naalakkersuisut-konfrontationer-er-ikke-et-styrketegn","status":"publish","type":"post","link":"https:\/\/ia.gl\/kl\/formand-for-naalakkersuisut-konfrontationer-er-ikke-et-styrketegn\/","title":{"rendered":"Formand for Naalakkersuisut- konfrontationer er ikke et styrketegn"},"content":{"rendered":"<p>Hvilke vigtige sager vil Naalakkersuisut tage op?<\/p>\n<p>Hvilke visioner har Naalakkersuisut for at rette op p\u00e5 den \u00f8konomiske krise?<\/p>\n<p>Hvilke vigtige samarbejdsomr\u00e5der mener Naalakkersuisut man b\u00f8r samarbejde om blandt partierne? Hvordan vil Naalakkersuisut l\u00f8se arbejdsl\u00f8sheden p\u00e5 lang sigt, ogs\u00e5 i forhold til unge der er g\u00e5et i st\u00e5? 174,2 mio kr. for i \u00e5r er en lappel\u00f8sning, og ikke en varig l\u00f8sning.<\/p>\n<p>&nbsp;<\/p>\n<p><b>Formanden for Naalakkersuisut skaber distance ved ikke at besvare sp\u00f8rgsm\u00e5l <\/b><\/p>\n<p>Det er ikke gunstigt for samarbejdsklimaet, n\u00e5r formanden for Naalakkersuisut, under de ugentlige sp\u00f8rgetimer, ikke besvarer de \u00f8vrige partilederes sp\u00f8rgsm\u00e5l direkte.<\/p>\n<p>Tonen i svarene til oppositionen, og besvarelser som kun indeholder forsvar af sig selv, er ikke passende for en leder af landet.<\/p>\n<p>&nbsp;<\/p>\n<p><b>Vi vil have klar besked om hvilken kurs Naalakkersuisut vil l\u00e6gge<\/b><\/p>\n<p>Vi har brug at f\u00e5 klar besked om hvilken kurs Naalakkersuisut vil l\u00e6gge. Formanden for Naalakkersuisut m\u00e5 som minimum v\u00e6re i stand til at freml\u00e6gge, hvilke intentioner Naalakkersuisut har for at vende den onde spiral vi er inde i og som kan kn\u00e6kke samfundet. Problemerne er reelle og aktuelle i dag. Og hvis ikke vi allerede i dag s\u00e6tter m\u00e5l for fremtiden, bliver vores situation kun v\u00e6rre dag for dag.<\/p>\n<p>&nbsp;<\/p>\n<p><b>Vi prioriterer at finde de rigtige l\u00f8sninger<\/b><\/p>\n<p>Det er ikke i Naalakkersuisuts vigtigste opgave at deltage i en konkurrence i populistiske udmeldinger. Vi ser hellere at det prioriteres at finde de rigtige l\u00f8sninger. Vi taler her om samfundets og befolkningens fremtid! Vi \u00f8nsker ogs\u00e5 at Formanden for Naalakkersuisut hellere end blot at tale hurtigt, t\u00e6nker sig grundigt om og udviser god opf\u00f8rsel overfor Inatsisartut, og arbejder for at inkludere Inatsisartut i arbejdet for at opn\u00e5 f\u00e6lles m\u00e5l.<\/p>\n<p>&nbsp;<\/p>\n<p><b>Laden st\u00e5 til er blevet Naalakkersuisut Formandens varem\u00e6rke<\/b><\/p>\n<p>Vort land og folket har brug for en leder, der kan vise resultater, og som kan st\u00e5 i front med klare m\u00e5ls\u00e6tninger. Efter valgkampen og valget har Formanden for Naalakkersuisut slappet helt af. Det har vi politikere nu bevidnet ved den m\u00e5de Formanden besvarer foresp\u00f8rgsler, hendes freml\u00e6ggelser samt manglen p\u00e5 m\u00e5ls\u00e6tninger i arbejdet, da det har handlet om at blive set og at arbejdet har handlet om at forsvare sig selv.<\/p>\n<p>&nbsp;<\/p>\n<p><b>Vi savner en Formand for Naalakkersuisut der kan samle os<\/b><\/p>\n<p>Hvis vi skal finde sammen som et folk, der arbejder sammen for selvst\u00e6ndighed, og hvis vi skal kunne overkomme de store udfordringer, s\u00e5 mangler vi i dag en Formand for Naalakkersuisut, der kan samle folk. Der er i h\u00f8j grad brug for at der udvises samarbejdsvilje med medmennesker, omsorg og vilje til kompromisser. Det efterlyser jeg, da det er s\u00e5 vigtigt. Hvis vi er et samlet folk, m\u00e5 vi ogs\u00e5 kunne samarbejde. I stedet for at t\u00e6nke i konfrontationer og ops\u00f8ge konflikter, s\u00e5 find dog samarbejdsomr\u00e5der, hvor vi kan finde f\u00e6lles fodslag og samles som et folk.<\/p>\n<p>&nbsp;<\/p>\n<p><b>Der mangles stadig m\u00e6rkbare m\u00e5ls\u00e6tninger hos Naalakkersuisut<\/b><\/p>\n<p>Vi finder som opposition, at det er vigtigere at arbejde med de alvorlige udfordringer vi kan se vil komme. Vi vil samarbejde om omr\u00e5der, hvor samfundet udvikles og fornyes, og for at forholdene aktivt forbedres. Vi er i en valgperiode, hvor Naalakkersuisut endnu ikke har meldt klare m\u00e5ls\u00e6tninger ud. Jeg h\u00e5ber at se en Formand for Naalakkersuisut som demonstrerer evner som landsleder ved n\u00e6ste Inatsisartutsamling.<\/p>\n<p>&nbsp;<\/p>\n<p><b>Jeg efterlyser vilje til samling og samarbejde om de udfordringer vi st\u00e5r med <\/b><\/p>\n<p>Jeg efterlyser viljen til at samarbejde om centrale omr\u00e5der, uden skelen til om vi er oppositionen eller ej. Vi er et og samme folk, uden skelen til hvilket parti vi m\u00e5tte tilh\u00f8re, eller konkurrere om hvem, der har hvilke meninger om visse omr\u00e5der, vi m\u00e5 finde styrke i vores forskelle, og styre landet til alles bedste. Da du jo er formand for hele landet, og hele befolkningen, \u00f8nsker vi derfor at du samler de forskelligheder vi m\u00e5tte have, og dermed udviser evner i ogs\u00e5 at kunne v\u00e6re samlingspunkt trods meningsforskelle.<\/p>\n<p>&nbsp;<\/p>\n<p>Medlem af Inatsisartunut<\/p>\n<p>Aqqaluaq B. Egede<\/p>\n<p>Inuit Ataqatigiit<\/p>\n<p>Mobil: 56 27 66<\/p>\n","protected":false},"excerpt":{"rendered":"<p>Hvilke vigtige sager vil Naalakkersuisut tage op? Hvilke visioner har Naalakkersuisut for at rette op p\u00e5 den \u00f8konomiske krise? Hvilke vigtige samarbejdsomr\u00e5der mener Naalakkersuisut man b\u00f8r samarbejde om blandt partierne? Hvordan vil Naalakkersuisut l\u00f8se arbejdsl\u00f8sheden p\u00e5 lang sigt, ogs\u00e5 i forhold til unge der er g\u00e5et i st\u00e5? 174,2 mio kr. for i \u00e5r er [&hellip;]<\/p>\n","protected":false},"author":1,"featured_media":461,"comment_status":"closed","ping_status":"closed","sticky":false,"template":"","format":"standard","meta":{"footnotes":""},"categories":[19],"tags":[],"class_list":["post-6068","post","type-post","status-publish","format-standard","has-post-thumbnail","hentry","category-seneste-nyheder-inuit-ataqatigiit"],"_links":{"self":[{"href":"https:\/\/ia.gl\/kl\/wp-json\/wp\/v2\/posts\/6068","targetHints":{"allow":["GET"]}}],"collection":[{"href":"https:\/\/ia.gl\/kl\/wp-json\/wp\/v2\/posts"}],"about":[{"href":"https:\/\/ia.gl\/kl\/wp-json\/wp\/v2\/types\/post"}],"author":[{"embeddable":true,"href":"https:\/\/ia.gl\/kl\/wp-json\/wp\/v2\/users\/1"}],"replies":[{"embeddable":true,"href":"https:\/\/ia.gl\/kl\/wp-json\/wp\/v2\/comments?post=6068"}],"version-history":[{"count":1,"href":"https:\/\/ia.gl\/kl\/wp-json\/wp\/v2\/posts\/6068\/revisions"}],"predecessor-version":[{"id":6069,"href":"https:\/\/ia.gl\/kl\/wp-json\/wp\/v2\/posts\/6068\/revisions\/6069"}],"wp:featuredmedia":[{"embeddable":true,"href":"https:\/\/ia.gl\/kl\/wp-json\/wp\/v2\/media\/461"}],"wp:attachment":[{"href":"https:\/\/ia.gl\/kl\/wp-json\/wp\/v2\/media?parent=6068"}],"wp:term":[{"taxonomy":"category","embeddable":true,"href":"https:\/\/ia.gl\/kl\/wp-json\/wp\/v2\/categories?post=6068"},{"taxonomy":"post_tag","embeddable":true,"href":"https:\/\/ia.gl\/kl\/wp-json\/wp\/v2\/tags?post=6068"}],"curies":[{"name":"wp","href":"https:\/\/api.w.org\/{rel}","templated":true}]}}