{"id":6060,"date":"2014-06-10T08:51:17","date_gmt":"2014-06-10T08:51:17","guid":{"rendered":"https:\/\/demo.ia.gl\/allan-pertti-frandsen-tak-vittus\/"},"modified":"2024-07-14T20:45:51","modified_gmt":"2024-07-14T20:45:51","slug":"allan-pertti-frandsen-tak-vittus","status":"publish","type":"post","link":"https:\/\/ia.gl\/kl\/allan-pertti-frandsen-tak-vittus\/","title":{"rendered":"Allan Pertti Frandsen: Tak, Vittus"},"content":{"rendered":"<p><b>Tak, Vittus<\/b><\/p>\n<p>Jeg har l\u00e6st Naalakkersuisoq for Finanser og Indenrigsanliggender Vittus Qujaukitsoqs svar af 2. juni 2014 p\u00e5 min kritik af forhandlingerne om den kommunale udligningsordning.<\/p>\n<p>Det er tankev\u00e6kkende, at Naalakkersuisoq for Finanser, Vittus Qujaukitsoq, v\u00e6grer sig mod at diskutere de faktuelle tal, jeg pr\u00e6senterer i min kritik af 1. juni 2014.<\/p>\n<div>\n<p>I Kommuneqarfik Sermersooq er vi desuden m\u00e5ll\u00f8se over, at endnu flere af<br \/>\nvores borgeres skattekroner \u2013 fra vores 8 bygder, samt Ittoqqortoormiit,<br \/>\nTasiilaq, Paamiut og Nuuk &#8211; skal g\u00e5 til landskassen, mens udgifter fortsat<br \/>\nskal betales af kommunekassen.<br \/>\nEksempelvis, at indkomstskatten fra de ansatte i selvstyreejede selskaber<br \/>\nt\u00e6nkes at g\u00e5 til landskassen, mens kommunekassen i Kommuneqarfik Sermersooq<br \/>\nfortsat skal bruges til at servicere de selv samme borgere, som er ansat i<br \/>\nselvstyreejede selskaber vedr\u00f8rende deres snerydning, deres b\u00f8rns skoler,<br \/>\nm.m Det h\u00e6nger ikke sammen i en tid, hvor udgiftspresset p\u00e5 Kommuneqarfik Sermersooq stiger og indt\u00e6gterne falder.<\/p>\n<p>Men \u00e9n ting er sikkert: Tvinges Kommuneqarfik Sermersooq \u00f8konomisk i kn\u00e6, kommer hele vores land til at m\u00e6rke det \u00f8konomisk.<\/p>\n<p><i>\u00a0<\/i><\/p>\n<p><i>Inuulluaqqusillunga \/\/ Med venlig hilsen<\/i><\/p>\n<p><b><i>Allan Pertti Frandsen, Inuit Ataqatigiit<\/i><\/b><\/p>\n<\/div>\n<p>Ilaasortaq \/ Medlem af \/ Kommunalbestyrelsen, Kommuneqarfik Sermersooq<\/p>\n<p>Postadresse: Timerlia 46, 3905 Nuussuaq, Greenland<\/p>\n<p><b>Mobil +299 598755<\/b><b>, <\/b><a href=\"mailto:apfr@sermersooq.gl\">apfr@sermersooq.gl<\/a>, <a href=\"http:\/\/www.facebook.com\/ia.pertti\" target=\"_blank\" rel=\"noopener\">www.facebook.com\/ia.pertti<\/a><\/p>\n","protected":false},"excerpt":{"rendered":"<p>Tak, Vittus Jeg har l\u00e6st Naalakkersuisoq for Finanser og Indenrigsanliggender Vittus Qujaukitsoqs svar af 2. juni 2014 p\u00e5 min kritik af forhandlingerne om den kommunale udligningsordning. Det er tankev\u00e6kkende, at Naalakkersuisoq for Finanser, Vittus Qujaukitsoq, v\u00e6grer sig mod at diskutere de faktuelle tal, jeg pr\u00e6senterer i min kritik af 1. juni 2014. I Kommuneqarfik Sermersooq [&hellip;]<\/p>\n","protected":false},"author":1,"featured_media":461,"comment_status":"closed","ping_status":"closed","sticky":false,"template":"","format":"standard","meta":{"footnotes":""},"categories":[19],"tags":[],"class_list":["post-6060","post","type-post","status-publish","format-standard","has-post-thumbnail","hentry","category-seneste-nyheder-inuit-ataqatigiit"],"_links":{"self":[{"href":"https:\/\/ia.gl\/kl\/wp-json\/wp\/v2\/posts\/6060","targetHints":{"allow":["GET"]}}],"collection":[{"href":"https:\/\/ia.gl\/kl\/wp-json\/wp\/v2\/posts"}],"about":[{"href":"https:\/\/ia.gl\/kl\/wp-json\/wp\/v2\/types\/post"}],"author":[{"embeddable":true,"href":"https:\/\/ia.gl\/kl\/wp-json\/wp\/v2\/users\/1"}],"replies":[{"embeddable":true,"href":"https:\/\/ia.gl\/kl\/wp-json\/wp\/v2\/comments?post=6060"}],"version-history":[{"count":1,"href":"https:\/\/ia.gl\/kl\/wp-json\/wp\/v2\/posts\/6060\/revisions"}],"predecessor-version":[{"id":6061,"href":"https:\/\/ia.gl\/kl\/wp-json\/wp\/v2\/posts\/6060\/revisions\/6061"}],"wp:featuredmedia":[{"embeddable":true,"href":"https:\/\/ia.gl\/kl\/wp-json\/wp\/v2\/media\/461"}],"wp:attachment":[{"href":"https:\/\/ia.gl\/kl\/wp-json\/wp\/v2\/media?parent=6060"}],"wp:term":[{"taxonomy":"category","embeddable":true,"href":"https:\/\/ia.gl\/kl\/wp-json\/wp\/v2\/categories?post=6060"},{"taxonomy":"post_tag","embeddable":true,"href":"https:\/\/ia.gl\/kl\/wp-json\/wp\/v2\/tags?post=6060"}],"curies":[{"name":"wp","href":"https:\/\/api.w.org\/{rel}","templated":true}]}}