{"id":6052,"date":"2014-06-01T13:16:53","date_gmt":"2014-06-01T13:16:53","guid":{"rendered":"https:\/\/demo.ia.gl\/udtalelse-fra-inuit-ataqatigiits-ekstraordinaere-landsmoede-d-30-maj-2014\/"},"modified":"2024-07-14T20:45:50","modified_gmt":"2024-07-14T20:45:50","slug":"udtalelse-fra-inuit-ataqatigiits-ekstraordinaere-landsmoede-d-30-maj-2014","status":"publish","type":"post","link":"https:\/\/ia.gl\/kl\/udtalelse-fra-inuit-ataqatigiits-ekstraordinaere-landsmoede-d-30-maj-2014\/","title":{"rendered":"Udtalelse fra Inuit Ataqatigiit\u2019s ekstraordin\u00e6re landsm\u00f8de d. 30. maj 2014"},"content":{"rendered":"<p><strong>Udtalelse fra\u00a0Inuit Ataqatigiit\u2019s ekstraordin\u00e6re landsm\u00f8de\u00a0d. 30.\u00a0maj 2014<\/strong><\/p>\n<p>Vi har\u00a0i dag betonet indholdet af den deklaration, som vi vedtog\u00a0under Inuit Ataqatigiit\u2019s ordin\u00e6re landsm\u00f8de\u00a0i 2013.<\/p>\n<p>Som et venstreorienteret parti arbejder vi til stadighed for\u00a0en\u00a0st\u00f8rre lighed i vort samfund. Vi \u00f8nsker s\u00e5ledes\u00a0herigennem\u00a0at fremh\u00e6ve dettepolitiske grundlag, som er\u00a0helt\u00a0afg\u00f8rende for os.<\/p>\n<p>Vi accepterer ikke den forskelsbehandling som\u00a0vi i dag ser\u00a0praktiseret\u00a0p\u00e5 det politiske plan, og dette g\u00e6lder b\u00e5de med hensyn til\u00a0at t\u00e6kkes nogle\u00a0af\u00a0borgerne afh\u00e6ngig af\u00a0deres\u00a0bosted,samt\u00a0den utvetydige\u00a0politiske\u00a0sondring\u00a0mellem kommunerne. Vi \u00f8nsker en politisk respekt over for alle borgerne, en ligev\u00e6rdig holdning og en reel og p\u00e5lidelig\u00a0politisk adf\u00e6rd\u00a0over for alle\u00a0her i landet.<\/p>\n<p>Inuit Ataqatigiit har under sit ekstraordin\u00e6re landsm\u00f8de\u00a0valgt en ny formand, som har\u00a0fokus p\u00e5\u00a0ligestilling og\u00a0sammenhold.<\/p>\n<p>Vi takker for den \u00e5nd af samarbejde, som medlemmerne af Inuit Ataqatigiit\u00a0og vore st\u00f8tter har vist, og vi kan kun med gl\u00e6de se frem tilalles\u00a0medvirken\u00a0med\u00a0st\u00f8rre opbakning og vilje til samarbejde.<\/p>\n<p>Det\u00a0blev\u00a0i dag\u00a0ligeledes\u00a0besluttet\u00a0at styrke partiet i endnu h\u00f8jere\u00a0grad &#8211;\u00a0b\u00e5de p\u00e5 det politiske og det organisatoriske plan.<\/p>\n<p>Vi var p\u00e5 samme m\u00e5de\u00a0enige om at styrke medejerskabet og\u00a0en tydeligere deltagelse fra vort bagland i b\u00e5de det centrale partisekretariat og i vort\u00a0politiske arbejde.<\/p>\n<p>Det blev vedtaget som et\u00a0m\u00e5l,\u00a0at\u00a0de nye ledende skikkelser i\u00a0Inuit Ataqatigiit\u00a0skal foretage bes\u00f8g langs\u00a0hele kysten, til vore lokalafdelinger\u00a0og vore folkevalgte, og at den direkte kontakt til hele befolkningen prioriteres.<\/p>\n<p>Det blev ligeledes vedtaget, at vi moderniserer vort arbejde med henblik p\u00e5 at styrke vore organisation.<\/p>\n<p>Til stede ved det ekstraordin\u00e6re landsm\u00f8de var72 stemmeberettigede, og s\u00e5ledes var det\u00a0f\u00f8rste gang i\u00a0Inuit Ataqatigiit\u2019s\u00a0historie at\u00a0der deltog s\u00e5 mange\u00a0delegerede med stemmeret.<\/p>\n<p>Vi gl\u00e6der os til at arbejde videre sammen medvores ungdomsorganisation\u00a0Inuusuttut Ataqatigiit,\u00a0sammen\u00a0med alle deltagere p\u00e5 dette landsm\u00f8de og\u00a0til, at vi i f\u00e6llesskab\u00a0kan forts\u00e6tte vort arbejde. Vi er fast besluttede p\u00e5 at videref\u00f8re styrkelsen af dette f\u00e6lles\u00a0samarbejde.<\/p>\n<p>Vi er s\u00e5ledes klar til de kommende valg af ledere til b\u00e5de Inatsisartut og\u00a0andre af\u00a0landets styrende politiske organer.<\/p>\n<p>P\u00e5 vegne af alle deltagerne ved Inuit Ataqatigiit\u2019s ekstraordin\u00e6re landsm\u00f8de<\/p>\n<p>Sara Olsvig<\/p>\n<p>Formand<\/p>\n<p>Mobil:\u00a0+299\u00a0526\u00a0858<\/p>\n","protected":false},"excerpt":{"rendered":"<p>Udtalelse fra\u00a0Inuit Ataqatigiit\u2019s ekstraordin\u00e6re landsm\u00f8de\u00a0d. 30.\u00a0maj 2014 Vi har\u00a0i dag betonet indholdet af den deklaration, som vi vedtog\u00a0under Inuit Ataqatigiit\u2019s ordin\u00e6re landsm\u00f8de\u00a0i 2013. Som et venstreorienteret parti arbejder vi til stadighed for\u00a0en\u00a0st\u00f8rre lighed i vort samfund. Vi \u00f8nsker s\u00e5ledes\u00a0herigennem\u00a0at fremh\u00e6ve dettepolitiske grundlag, som er\u00a0helt\u00a0afg\u00f8rende for os. Vi accepterer ikke den forskelsbehandling som\u00a0vi i dag ser\u00a0praktiseret\u00a0p\u00e5 [&hellip;]<\/p>\n","protected":false},"author":1,"featured_media":461,"comment_status":"closed","ping_status":"closed","sticky":false,"template":"","format":"standard","meta":{"footnotes":""},"categories":[19],"tags":[],"class_list":["post-6052","post","type-post","status-publish","format-standard","has-post-thumbnail","hentry","category-seneste-nyheder-inuit-ataqatigiit"],"_links":{"self":[{"href":"https:\/\/ia.gl\/kl\/wp-json\/wp\/v2\/posts\/6052","targetHints":{"allow":["GET"]}}],"collection":[{"href":"https:\/\/ia.gl\/kl\/wp-json\/wp\/v2\/posts"}],"about":[{"href":"https:\/\/ia.gl\/kl\/wp-json\/wp\/v2\/types\/post"}],"author":[{"embeddable":true,"href":"https:\/\/ia.gl\/kl\/wp-json\/wp\/v2\/users\/1"}],"replies":[{"embeddable":true,"href":"https:\/\/ia.gl\/kl\/wp-json\/wp\/v2\/comments?post=6052"}],"version-history":[{"count":1,"href":"https:\/\/ia.gl\/kl\/wp-json\/wp\/v2\/posts\/6052\/revisions"}],"predecessor-version":[{"id":6053,"href":"https:\/\/ia.gl\/kl\/wp-json\/wp\/v2\/posts\/6052\/revisions\/6053"}],"wp:featuredmedia":[{"embeddable":true,"href":"https:\/\/ia.gl\/kl\/wp-json\/wp\/v2\/media\/461"}],"wp:attachment":[{"href":"https:\/\/ia.gl\/kl\/wp-json\/wp\/v2\/media?parent=6052"}],"wp:term":[{"taxonomy":"category","embeddable":true,"href":"https:\/\/ia.gl\/kl\/wp-json\/wp\/v2\/categories?post=6052"},{"taxonomy":"post_tag","embeddable":true,"href":"https:\/\/ia.gl\/kl\/wp-json\/wp\/v2\/tags?post=6052"}],"curies":[{"name":"wp","href":"https:\/\/api.w.org\/{rel}","templated":true}]}}