{"id":6034,"date":"2014-05-14T10:22:55","date_gmt":"2014-05-14T10:22:55","guid":{"rendered":"https:\/\/demo.ia.gl\/hvad-skal-vi-med-kanukoka\/"},"modified":"2024-07-14T20:45:50","modified_gmt":"2024-07-14T20:45:50","slug":"hvad-skal-vi-med-kanukoka","status":"publish","type":"post","link":"https:\/\/ia.gl\/kl\/hvad-skal-vi-med-kanukoka\/","title":{"rendered":"Hvad skal vi med KANUKOKA?"},"content":{"rendered":"<p><strong>Hvad skal vi med KANUKOKA?<\/strong><\/p>\n<p>Endnu engang lades borgerne i Kommuneqarfik Sermersooq i stikken af Naalakkersuisut.<br \/>\nDenne gang er det de ledige det g\u00e5r ud over. S\u00e6rligt de unge p\u00e5 18-24 og kvinderne nedprioriteres i ledighedsbek\u00e6mpelsens navn, n\u00e5r der kun fokuseres p\u00e5 midler til anl\u00e6g til fordel for landet \u00f8vrige kommuner. Det mest tankev\u00e6kkende i denne sammenh\u00e6ng er sammenfaldet mellem de ledende partier i Naalakkersuisut og de \u00f8vrige kommuner.<\/p>\n<p>Naalakkersuisoq Jens Erik Kierkegaard argumenterer for ubrugte anl\u00e6gsmidler i Kommuneqarfik Sermersooq, som forklaringen p\u00e5, hvorfor de ledige i Sermersooq skal forskelsbehandles for knap 20.000 kr. mindre per ledig i forhold til ledige i Kujalleq. Det er jo som at blande \u00e6bler og p\u00e6rer sammen.<\/p>\n<p>Udover at bidrage via udligningsreformen \u2013 endda uden s\u00e5 meget som at blive spurgt \u2013 med ekstra 20 millioner, bidrager vi i Kommuneqarfik Sermersooq subsidi\u00e6rt med mange millioner til de \u00f8vrige kommuner via landsskat og via eksempelvis Nukissiorfiit \u2013 og vi g\u00f8r det med gl\u00e6de! Men gl\u00e6den oph\u00f8rer n\u00e5r bidragene sker p\u00e5 bekostning af vore d\u00e5rligst stillede borgere \u2013 og vi oven i k\u00f8bet derefter m\u00f8des med utak.<\/p>\n<p>De fire kommuner i landet er alle medlemmer af KANUKOKA. Foreningen, hvis fornemmeste opgave burde v\u00e6re, at varetage alle medlemmernes interesser.<br \/>\nI vedt\u00e6gterne st\u00e5r s\u00e5ledes skrevet, i \u00a7 1 stk. 2: \u201dForeningens form\u00e5l er at varetage kommunernes f\u00e6lles og almindelige interesser, at fremme samvirket mellem kommunerne samt at bist\u00e5 kommunerne i deres virksomhed\u201d. Dette er ikke noget vi m\u00e6rker noget til i Kommuneqarfik Sermersooq!<br \/>\nKANUKOKA forholder sig s\u00e5ledes tavse som graven, n\u00e5r Sermersooq s\u00e6ttes under tilsyn og m\u00e5 svinge sparekniven og liges\u00e5 n\u00e5r Naalakkersuisut gang p\u00e5 gang bryder aftalen med KANUKOKA ved, at begr\u00e6nse den aftalte frist for h\u00f8ringer p\u00e5 8 uger til eksempelvis bare 8 dage. Og endnu engang, er de mere end tavse, n\u00e5r det kommer til ledighedsbek\u00e6mpelse, hvor Sermersooq, der har suver\u00e6nt flest ledige, prioriteres lavest. Men n\u00e5r tre Siumut-borgmestre, udenfor al normal adf\u00e6rd, umyndigg\u00f8r KANUKOKA, ved at g\u00e5 i direkte forhandling med Naalakkersuisoq for finanser, for at hente 20 millioner fra Sermersooqs kasse \u2013 s\u00e5 kvidrer formanden med samme n\u00e6b som sine partif\u00e6ller fra de tre kommuner.<\/p>\n<p>Det er efterh\u00e5nden meget sv\u00e6rt at se form\u00e5let med Sermersooqs fortsatte medlemskab af KANUKOKA.<\/p>\n<p>Med venlig hilsen<\/p>\n<p align=\"left\">Malene Lynge<br \/>\np\u00e5 vegne af Inuit Ataqatigiit, Kommunalbestyrelsen Kommuneqarfik Sermersooq<\/p>\n<p align=\"left\">Vicegruppeformand<\/p>\n<p align=\"left\"><a href=\"mailto:mlyn@sermersooq.gl\">mlyn@sermersooq.gl<\/a><\/p>\n<p align=\"left\">Tlf: 58 39 09<b><\/b><\/p>\n","protected":false},"excerpt":{"rendered":"<p>Hvad skal vi med KANUKOKA? Endnu engang lades borgerne i Kommuneqarfik Sermersooq i stikken af Naalakkersuisut. Denne gang er det de ledige det g\u00e5r ud over. S\u00e6rligt de unge p\u00e5 18-24 og kvinderne nedprioriteres i ledighedsbek\u00e6mpelsens navn, n\u00e5r der kun fokuseres p\u00e5 midler til anl\u00e6g til fordel for landet \u00f8vrige kommuner. Det mest tankev\u00e6kkende i [&hellip;]<\/p>\n","protected":false},"author":1,"featured_media":461,"comment_status":"closed","ping_status":"closed","sticky":false,"template":"","format":"standard","meta":{"footnotes":""},"categories":[19],"tags":[],"class_list":["post-6034","post","type-post","status-publish","format-standard","has-post-thumbnail","hentry","category-seneste-nyheder-inuit-ataqatigiit"],"_links":{"self":[{"href":"https:\/\/ia.gl\/kl\/wp-json\/wp\/v2\/posts\/6034","targetHints":{"allow":["GET"]}}],"collection":[{"href":"https:\/\/ia.gl\/kl\/wp-json\/wp\/v2\/posts"}],"about":[{"href":"https:\/\/ia.gl\/kl\/wp-json\/wp\/v2\/types\/post"}],"author":[{"embeddable":true,"href":"https:\/\/ia.gl\/kl\/wp-json\/wp\/v2\/users\/1"}],"replies":[{"embeddable":true,"href":"https:\/\/ia.gl\/kl\/wp-json\/wp\/v2\/comments?post=6034"}],"version-history":[{"count":1,"href":"https:\/\/ia.gl\/kl\/wp-json\/wp\/v2\/posts\/6034\/revisions"}],"predecessor-version":[{"id":6035,"href":"https:\/\/ia.gl\/kl\/wp-json\/wp\/v2\/posts\/6034\/revisions\/6035"}],"wp:featuredmedia":[{"embeddable":true,"href":"https:\/\/ia.gl\/kl\/wp-json\/wp\/v2\/media\/461"}],"wp:attachment":[{"href":"https:\/\/ia.gl\/kl\/wp-json\/wp\/v2\/media?parent=6034"}],"wp:term":[{"taxonomy":"category","embeddable":true,"href":"https:\/\/ia.gl\/kl\/wp-json\/wp\/v2\/categories?post=6034"},{"taxonomy":"post_tag","embeddable":true,"href":"https:\/\/ia.gl\/kl\/wp-json\/wp\/v2\/tags?post=6034"}],"curies":[{"name":"wp","href":"https:\/\/api.w.org\/{rel}","templated":true}]}}