{"id":6012,"date":"2014-04-10T14:49:52","date_gmt":"2014-04-10T14:49:52","guid":{"rendered":"https:\/\/demo.ia.gl\/vi-forsvarer-fortsat-icc\/"},"modified":"2024-07-14T20:45:49","modified_gmt":"2024-07-14T20:45:49","slug":"vi-forsvarer-fortsat-icc","status":"publish","type":"post","link":"https:\/\/ia.gl\/kl\/vi-forsvarer-fortsat-icc\/","title":{"rendered":"Vi forsvarer fortsat ICC"},"content":{"rendered":"<p align=\"center\"><strong>Pressemeddelelse<\/strong><\/p>\n<p align=\"center\"><strong>10. april 2014<\/strong><\/p>\n<p align=\"center\"><strong>\u00a0<\/strong><\/p>\n<p><strong>Vi forsvarer fortsat ICC <\/strong><\/p>\n<p>Inuit Ataqatigiit har aldrig s\u00f8gt at fremme planer om at sk\u00e6re ned p\u00e5 bevillingen til ICC. Demokraatit har ved flere lejligheder fremlagt forslag til nedsk\u00e6ringer og f\u00e5r nu alts\u00e5 opbakning fra Siumut. Det er derfor ikke rigtigt, hvad Formanden for Naalakkersuisut sagde under morgenfladen \u201dUllaarngani tusakkat\u201d den 10. april p\u00e5 KNR.<\/p>\n<p>Faktum er, at det dav\u00e6rende Naalakkersuisut i 2008 besluttede, at der skulle sk\u00e6res ned p\u00e5 bevillingen til ICC. Siden da har IA v\u00e6ret imod at man skar ned p\u00e5 bevillingen til ICC.<\/p>\n<p>For at rette op p\u00e5 landets alvorlige \u00f8konomiske situation blev der gennemf\u00f8rt administrative og andre besparelser under Inuit Ataqatigiit rege-ringsperiode 2009-2013, og der var dengang planer om administrative besparelser for ICC, p\u00e5 lige fod med s\u00e5 mange andre.<\/p>\n<p>Mimi Karlsen udtaler: \u201dInuit Ataqatigiit er fuldt ud klar over betydningen af det arbejde, ICC udf\u00f8rer blandt Inuit. Vi ved at det er den eneste organisation, der binder Inuit sammen og at det er det eneste forum, hvor Inuit er f\u00e6lles om kulturen, et sted, hvor vi kan identificere os med hinanden og at l\u00e6re hinanden at kende,\u201d og forts\u00e6tter:<\/p>\n<p>\u201dDet vi ved nu er, og det er det helt afg\u00f8rende, at ICC er den eneste organisation, der beskytter vores rettigheder som folk i FN. Ved at v\u00e6re med i ICC har vi en platform, der kan bruges til at beskytte Inuit. Og det vil ikke blive mindre udtalt, tv\u00e6rtimod vil behovet for at forsvare os selv for alvor vokse i takt med de multinationale selskabers mineaktiviteter her i vort land.\u201d<\/p>\n<p>Med det pres, det internationale samfund i stigende grad l\u00e6gger p\u00e5 vort land, vokser behovet for at styrke os som folk. Inuit Ataqatigiit har aldrig lagt stemmer til planer om at stoppe bevillingen til ICC, ej heller til en m\u00e5ls\u00e6tning om at lukke organisationen i 2018.<\/p>\n<p>S\u00e5 l\u00e6nge der er planer om at udvinde uran og s\u00e5 l\u00e6nge det er n\u00f8dvendigt at forsvare vore fangere mod Greenpeace vil der altid v\u00e6re brug for Inuit Circumpolar Council, og Inuit Ataqatigiit mener, at det aldrig f\u00f8r er s\u00e5 vigtigt at styrke den som nu.<\/p>\n<p>\u201dDet er grunden til at Inuit Ataqatigiit aldrig er g\u00e5et med til planerne om at opl\u00f8se ICC\u201d, udtaler Mimi Karlsen til slut.<\/p>\n<p>Medlem af Inatsisartut, Mimi Karlsen, Inuit Ataqatigiit<\/p>\n<p>Mobil: 587619<\/p>\n","protected":false},"excerpt":{"rendered":"<p>Pressemeddelelse 10. april 2014 \u00a0 Vi forsvarer fortsat ICC Inuit Ataqatigiit har aldrig s\u00f8gt at fremme planer om at sk\u00e6re ned p\u00e5 bevillingen til ICC. Demokraatit har ved flere lejligheder fremlagt forslag til nedsk\u00e6ringer og f\u00e5r nu alts\u00e5 opbakning fra Siumut. Det er derfor ikke rigtigt, hvad Formanden for Naalakkersuisut sagde under morgenfladen \u201dUllaarngani tusakkat\u201d [&hellip;]<\/p>\n","protected":false},"author":1,"featured_media":461,"comment_status":"closed","ping_status":"closed","sticky":false,"template":"","format":"standard","meta":{"footnotes":""},"categories":[19],"tags":[],"class_list":["post-6012","post","type-post","status-publish","format-standard","has-post-thumbnail","hentry","category-seneste-nyheder-inuit-ataqatigiit"],"_links":{"self":[{"href":"https:\/\/ia.gl\/kl\/wp-json\/wp\/v2\/posts\/6012","targetHints":{"allow":["GET"]}}],"collection":[{"href":"https:\/\/ia.gl\/kl\/wp-json\/wp\/v2\/posts"}],"about":[{"href":"https:\/\/ia.gl\/kl\/wp-json\/wp\/v2\/types\/post"}],"author":[{"embeddable":true,"href":"https:\/\/ia.gl\/kl\/wp-json\/wp\/v2\/users\/1"}],"replies":[{"embeddable":true,"href":"https:\/\/ia.gl\/kl\/wp-json\/wp\/v2\/comments?post=6012"}],"version-history":[{"count":1,"href":"https:\/\/ia.gl\/kl\/wp-json\/wp\/v2\/posts\/6012\/revisions"}],"predecessor-version":[{"id":6013,"href":"https:\/\/ia.gl\/kl\/wp-json\/wp\/v2\/posts\/6012\/revisions\/6013"}],"wp:featuredmedia":[{"embeddable":true,"href":"https:\/\/ia.gl\/kl\/wp-json\/wp\/v2\/media\/461"}],"wp:attachment":[{"href":"https:\/\/ia.gl\/kl\/wp-json\/wp\/v2\/media?parent=6012"}],"wp:term":[{"taxonomy":"category","embeddable":true,"href":"https:\/\/ia.gl\/kl\/wp-json\/wp\/v2\/categories?post=6012"},{"taxonomy":"post_tag","embeddable":true,"href":"https:\/\/ia.gl\/kl\/wp-json\/wp\/v2\/tags?post=6012"}],"curies":[{"name":"wp","href":"https:\/\/api.w.org\/{rel}","templated":true}]}}