{"id":5974,"date":"2014-02-13T14:20:41","date_gmt":"2014-02-13T14:20:41","guid":{"rendered":"https:\/\/demo.ia.gl\/indkaldelse-til-samraad-om-hjemloese\/"},"modified":"2024-07-14T20:45:48","modified_gmt":"2024-07-14T20:45:48","slug":"indkaldelse-til-samraad-om-hjemloese","status":"publish","type":"post","link":"https:\/\/ia.gl\/kl\/indkaldelse-til-samraad-om-hjemloese\/","title":{"rendered":"Indkaldelse til samr\u00e5d om Hjeml\u00f8se"},"content":{"rendered":"<p><strong>Nuuk, 12. februar 2014<\/strong><\/p>\n<p>&nbsp;<\/p>\n<p><strong>Pressemeddelelse<\/strong><\/p>\n<p>&nbsp;<\/p>\n<p>Inuit Ataqatigiits medlemmer af Familie og Sundhedsudvalget har taget initiativ til at indkalde medlemmet af Naalakkersuisut for familie til samr\u00e5d.<\/p>\n<p>&nbsp;<\/p>\n<p>Bl. a. disse sp\u00f8rgsm\u00e5l \u00f8nskes besvaret:<\/p>\n<p>&nbsp;<\/p>\n<p>Sp\u00f8rgsm\u00e5l 1:<\/p>\n<p>Hvor mange genhusede personer er der i hele Gr\u00f8nland og kunne der v\u00e6re social- og boligpolitiske fordele i l\u00f8bende at offentligg\u00f8re disse tal?<\/p>\n<p>Sp\u00f8rgsm\u00e5l 2:<\/p>\n<p>Vil Naalakkersuisut arbejde for at \u00e6ndre, at genhusede ikke skal \u00e6ndre adresse hver 3. m\u00e5ned?<\/p>\n<p>Sp\u00f8rgsm\u00e5l 3:<\/p>\n<p>Hvorn\u00e5r vil det herberg, man iht. Koalitionsaftalen vil bygge i Nuuk blive f\u00e6rdigt?<\/p>\n<p>Sp\u00f8rgsm\u00e5l 4:<\/p>\n<p>Har Naalakkersuisut planer om at lave nye tiltag p\u00e5 baggrund af rapporten &#8220;Hjeml\u00f8shed i Gr\u00f8nland&#8221; og er der planer om at udarbejde en strategi- og handleplan mod personer ude i hjeml\u00f8shed?<\/p>\n<p>Sp\u00f8rgsm\u00e5l 5:<\/p>\n<p>Finder Naalakkersuisut at metoderne CTI (Critical Time Intervention)\u00a0<a href=\"http:\/\/www.criticaltime.org\/\" target=\"_blank\" rel=\"noopener\">http:\/\/www.criticaltime.org\/<\/a>\u00a0og ACT (Assertive Community treatment) som mulige metoder til at afhj\u00e6lpe borgere der har misbrugsproblemer samtidigt med at de er hjeml\u00f8se?<a href=\"http:\/\/www.socialstyrelsen.dk\/udsatte\/hjemloshed\/hjemlosestrategi\/metoderne-1\/assertive-community-treatment-act\" target=\"_blank\" rel=\"noopener\">http:\/\/www.socialstyrelsen.dk\/udsatte\/hjemloshed\/hjemlosestrategi\/metoderne-1\/assertive-community-treatment-act<\/a><\/p>\n<p>Sp\u00f8rgsm\u00e5l 6:<\/p>\n<p>Hvilket samarbejde finder sted mellem kommunerne og Naalakkersuisut i forhold til hjeml\u00f8se borgere og genhusning?<\/p>\n<p>Sp\u00f8rgsm\u00e5l 7:<\/p>\n<p>Finder Naalakkersuisut, at vi har behov for ny lovgivning, der ville kunne hj\u00e6lpe kommunernes muligheder for at forebygge og hj\u00e6lpe hjeml\u00f8se eller personer, der er i truende fare for at komme ud i hjeml\u00f8shed? Er der for eksempel, brug for lovgivning i stil med serviceloven, der ogs\u00e5 har paragraffer s\u00e6rskilt tilegnet hjeml\u00f8se og omkring husly?<\/p>\n<p>&nbsp;<\/p>\n<p>Det skal supplerende oplyses, at Familie- og Sundhedsudvalget under studietur til K\u00f8benhavns Kommune i december 2013 erfarede, at kommunen havde meget held med at forebygge og forhindre hjeml\u00f8shed, ifald indsatsen omkring den enkelte borger\/familie skete straks de p\u00e5g\u00e6ldende var truet af hjeml\u00f8shed.<\/p>\n<p>Sp\u00f8rgsm\u00e5l 8:<\/p>\n<p>Hvilken betydning havde det for huslejerestancerne og genhusningsbehovet p\u00e5 landsplan, at man gik bort fra ordningen med, at huslejen blev trukket over l\u00f8nnen?<\/p>\n<p>Sp\u00f8rgsm\u00e5l 9:<\/p>\n<p>Vil Naalakkersuisut overveje den s\u00e5kaldte Kiffaq konto som anbefalet af Skatte og Velf\u00e6rdskommissionen?<\/p>\n<p>Sp\u00f8rgsm\u00e5l 10:<\/p>\n<p>Hvilke m\u00e5ls\u00e6tninger har Naalakkersuisut omkring hjem- og boligl\u00f8shed s\u00e6rligt i relation til:<\/p>\n<div>a)Antallet af hjem- og boligl\u00f8se?<\/div>\n<div>b)Forebyggende indsatser?<\/div>\n<div>c)B\u00f8rnefamilier ramt af hjem- og boligl\u00f8shed?<\/div>\n<div>d)Hvor l\u00e6nge kan det politisk t\u00e5les, at borgere ufrivilligt er hjem- eller boligl\u00f8se, herunder skulle kunne genhuses?<\/div>\n<p>Sp\u00f8rgsm\u00e5l 11:<\/p>\n<p>Hvilken samlet hjem- og boligl\u00f8shedspolitik har Naalakkersuisut i \u00f8vrigt?<\/p>\n<p>Sp\u00f8rgsm\u00e5l 12:<\/p>\n<p>I hvilket omfang vil Naalakkersuisut afs\u00e6tte midler og \u00f8vrige ressourcer til bek\u00e6mpelse af hjeml\u00f8shed sammenholdt med den samlede politik p\u00e5 omr\u00e5det?<\/p>\n<p>&nbsp;<\/p>\n<p>Disse sp\u00f8rgsm\u00e5l og svarene som Naalakkersuisut fremkommer med skal bruges til konkrete forbedringer p\u00e5 omr\u00e5det, og dette initiativ er en forl\u00e6ngelse af Inuit Ataqatigiits fokus p\u00e5 hjeml\u00f8shed, idet det er vores h\u00e5b at Naalakkersuisut vil freml\u00e6gge konkrete l\u00f8sningsforslag.<\/p>\n<p>&nbsp;<\/p>\n<p>Juliane Henningsen, mobil 488148<\/p>\n<p>Nuuk, 12. februar 2014<\/p>\n","protected":false},"excerpt":{"rendered":"<p>Nuuk, 12. februar 2014 &nbsp; Pressemeddelelse &nbsp; Inuit Ataqatigiits medlemmer af Familie og Sundhedsudvalget har taget initiativ til at indkalde medlemmet af Naalakkersuisut for familie til samr\u00e5d. &nbsp; Bl. a. disse sp\u00f8rgsm\u00e5l \u00f8nskes besvaret: &nbsp; Sp\u00f8rgsm\u00e5l 1: Hvor mange genhusede personer er der i hele Gr\u00f8nland og kunne der v\u00e6re social- og boligpolitiske fordele i [&hellip;]<\/p>\n","protected":false},"author":1,"featured_media":461,"comment_status":"closed","ping_status":"closed","sticky":false,"template":"","format":"standard","meta":{"footnotes":""},"categories":[19],"tags":[],"class_list":["post-5974","post","type-post","status-publish","format-standard","has-post-thumbnail","hentry","category-seneste-nyheder-inuit-ataqatigiit"],"_links":{"self":[{"href":"https:\/\/ia.gl\/kl\/wp-json\/wp\/v2\/posts\/5974","targetHints":{"allow":["GET"]}}],"collection":[{"href":"https:\/\/ia.gl\/kl\/wp-json\/wp\/v2\/posts"}],"about":[{"href":"https:\/\/ia.gl\/kl\/wp-json\/wp\/v2\/types\/post"}],"author":[{"embeddable":true,"href":"https:\/\/ia.gl\/kl\/wp-json\/wp\/v2\/users\/1"}],"replies":[{"embeddable":true,"href":"https:\/\/ia.gl\/kl\/wp-json\/wp\/v2\/comments?post=5974"}],"version-history":[{"count":1,"href":"https:\/\/ia.gl\/kl\/wp-json\/wp\/v2\/posts\/5974\/revisions"}],"predecessor-version":[{"id":5975,"href":"https:\/\/ia.gl\/kl\/wp-json\/wp\/v2\/posts\/5974\/revisions\/5975"}],"wp:featuredmedia":[{"embeddable":true,"href":"https:\/\/ia.gl\/kl\/wp-json\/wp\/v2\/media\/461"}],"wp:attachment":[{"href":"https:\/\/ia.gl\/kl\/wp-json\/wp\/v2\/media?parent=5974"}],"wp:term":[{"taxonomy":"category","embeddable":true,"href":"https:\/\/ia.gl\/kl\/wp-json\/wp\/v2\/categories?post=5974"},{"taxonomy":"post_tag","embeddable":true,"href":"https:\/\/ia.gl\/kl\/wp-json\/wp\/v2\/tags?post=5974"}],"curies":[{"name":"wp","href":"https:\/\/api.w.org\/{rel}","templated":true}]}}