{"id":5964,"date":"2014-01-13T12:32:23","date_gmt":"2014-01-13T12:32:23","guid":{"rendered":"https:\/\/demo.ia.gl\/juliane-kuupik-besoeger-cafeen-og-overnatningsenheden-kialaarfik-for-hjemloese\/"},"modified":"2024-07-14T20:45:48","modified_gmt":"2024-07-14T20:45:48","slug":"juliane-kuupik-besoeger-cafeen-og-overnatningsenheden-kialaarfik-for-hjemloese","status":"publish","type":"post","link":"https:\/\/ia.gl\/kl\/juliane-kuupik-besoeger-cafeen-og-overnatningsenheden-kialaarfik-for-hjemloese\/","title":{"rendered":"Juliane &#038; Kuupik bes\u00f8ger caf\u00e9en og overnatningsenheden Kialaarfik for hjeml\u00f8se."},"content":{"rendered":"<p><strong>Pressemeddelelse:<\/strong><\/p>\n<p style=\"text-align: right;\"><strong>Mandag d. 13. Januar<\/strong><\/p>\n<p><strong>Juliane &amp; Kuupik\u00a0 bes\u00f8ger caf\u00e9en og overnatningsenheden Kialaarfik\u00a0for hjeml\u00f8se.<\/strong><\/p>\n<p>Form\u00e5let med\u00a0bes\u00f8get\u00a0som finder sted d. 14.01.14 \u00a0er at\u00a0h\u00f8re, hvad de hjeml\u00f8se synes, at vi politikere kan g\u00f8re for at give dem en bedre hverdag.<\/p>\n<p>Hvordan er det at v\u00e6re hjeml\u00f8s i\u00a0Gr\u00f8nland i dag, og hvad skal der is\u00e6r g\u00f8res noget ved?<\/p>\n<p>Vores vigtigste budskab til de hjeml\u00f8se,\u00a0er at hjeml\u00f8se\u00a0skal behandles ligesom alle andre.<\/p>\n<p>Vi\u00a0gl\u00e6der os til at at h\u00f8re, hvad de hjeml\u00f8se har af gode forslag.\u00a0P\u00e5 sigt m\u00e5 det v\u00e6re m\u00e5let, at hjeml\u00f8shed skal elimineres. Alle skal kunne tilbydes en bolig.<\/p>\n<p>Vi synes, at det er utroligt vigtigt, at vi politikere s\u00f8rger for at h\u00f8re nogle af de borgere, som normalt ikke er p\u00e5 den politiske dagsorden.<\/p>\n<p>Efter bes\u00f8get p\u00e5 Caf\u00e9 Kialaarfik, som er en kommunal institution er det planen, at de hjeml\u00f8se bliver inviteret med p\u00e5 udarbejdelse af forslag\u00a0til Inatsisartut p\u00e5 for\u00e5rssamlingen efterf\u00f8lgende.<\/p>\n<p>For mere info: Kontakt Juliane Henningsen, mobil 488148 &amp; Kuupik V. Kleist mobil: 54 78 58<\/p>\n","protected":false},"excerpt":{"rendered":"<p>Pressemeddelelse: Mandag d. 13. Januar Juliane &amp; Kuupik\u00a0 bes\u00f8ger caf\u00e9en og overnatningsenheden Kialaarfik\u00a0for hjeml\u00f8se. Form\u00e5let med\u00a0bes\u00f8get\u00a0som finder sted d. 14.01.14 \u00a0er at\u00a0h\u00f8re, hvad de hjeml\u00f8se synes, at vi politikere kan g\u00f8re for at give dem en bedre hverdag. Hvordan er det at v\u00e6re hjeml\u00f8s i\u00a0Gr\u00f8nland i dag, og hvad skal der is\u00e6r g\u00f8res noget ved? [&hellip;]<\/p>\n","protected":false},"author":1,"featured_media":461,"comment_status":"closed","ping_status":"closed","sticky":false,"template":"","format":"standard","meta":{"footnotes":""},"categories":[19],"tags":[],"class_list":["post-5964","post","type-post","status-publish","format-standard","has-post-thumbnail","hentry","category-seneste-nyheder-inuit-ataqatigiit"],"_links":{"self":[{"href":"https:\/\/ia.gl\/kl\/wp-json\/wp\/v2\/posts\/5964","targetHints":{"allow":["GET"]}}],"collection":[{"href":"https:\/\/ia.gl\/kl\/wp-json\/wp\/v2\/posts"}],"about":[{"href":"https:\/\/ia.gl\/kl\/wp-json\/wp\/v2\/types\/post"}],"author":[{"embeddable":true,"href":"https:\/\/ia.gl\/kl\/wp-json\/wp\/v2\/users\/1"}],"replies":[{"embeddable":true,"href":"https:\/\/ia.gl\/kl\/wp-json\/wp\/v2\/comments?post=5964"}],"version-history":[{"count":1,"href":"https:\/\/ia.gl\/kl\/wp-json\/wp\/v2\/posts\/5964\/revisions"}],"predecessor-version":[{"id":5965,"href":"https:\/\/ia.gl\/kl\/wp-json\/wp\/v2\/posts\/5964\/revisions\/5965"}],"wp:featuredmedia":[{"embeddable":true,"href":"https:\/\/ia.gl\/kl\/wp-json\/wp\/v2\/media\/461"}],"wp:attachment":[{"href":"https:\/\/ia.gl\/kl\/wp-json\/wp\/v2\/media?parent=5964"}],"wp:term":[{"taxonomy":"category","embeddable":true,"href":"https:\/\/ia.gl\/kl\/wp-json\/wp\/v2\/categories?post=5964"},{"taxonomy":"post_tag","embeddable":true,"href":"https:\/\/ia.gl\/kl\/wp-json\/wp\/v2\/tags?post=5964"}],"curies":[{"name":"wp","href":"https:\/\/api.w.org\/{rel}","templated":true}]}}