{"id":5930,"date":"2013-11-06T15:48:04","date_gmt":"2013-11-06T15:48:04","guid":{"rendered":"https:\/\/demo.ia.gl\/samtlige-partier-i-inatsisartut-stoetter-alta-slutdokumentet\/"},"modified":"2024-07-14T20:45:46","modified_gmt":"2024-07-14T20:45:46","slug":"samtlige-partier-i-inatsisartut-stoetter-alta-slutdokumentet","status":"publish","type":"post","link":"https:\/\/ia.gl\/kl\/samtlige-partier-i-inatsisartut-stoetter-alta-slutdokumentet\/","title":{"rendered":"Samtlige partier i Inatsisartut st\u00f8tter Alta- slutdokumentet"},"content":{"rendered":"<style type=\"text\/css\"><!--\nP { margin-bottom: 0.21cm; }\n--><\/style>\n<p>\u00a0<span style=\"font-size: medium;\"><b>Samtlige partier i Inatsisartut st\u00f8tter Alta- slutdokumentet<\/b><\/span><\/p>\n<p>Tirsdag f\u00f8rstebehandlede Inatsisartut Sara Olsvigs, Inuit Ataqatigiit, forslag om at Gr\u00f8nland aktivt skal promovere slutdokumentet fra den store oprindelige folks konference, som blev holdt i den samiske by Alta i Norge i juni m\u00e5ned. Konferencen var oprindelige folks egen forberedende konference til FN\u2019s Verdenskonference som afholdes i New York i september 2014.<\/p>\n<p>Et samlet Inatsisartut st\u00f8ttede forslaget og viste, at et enigt Inatsisartut st\u00e5r bag dette vigtige dokument. Det i sig selv er et klart og st\u00e6rkt budskab til omverdenen om, at Gr\u00f8nland fortsat er engageret i promoveringen af oprindelige folks rettigheder.<\/p>\n<p>\u201dJeg er rigtig glad for, at samtlige partier i Inatsisartut st\u00f8tter mit forslag om en s\u00e6rlig indsats fra Gr\u00f8nland i promoveringen af Alta-slutdokumentet. Jeg h\u00e5ber, at denne opbakning vil inspirere andre parlamenter og lande til officielt at meddele deres st\u00f8tte til dokumentet. Det vigtige i arbejdet handler om, at dokumentets indhold bliver en integreret del af den kommende verdenskonference om oprindelige folk\u201d, siger Sara Olsvig.<\/p>\n<p>Alta-slutdokumentet indeholder de fire vigtigste emner oprindelige folk selv \u00f8nsker bliver de vigtigste emner under Verdenskonferencen. FN Verdenskonferencer er hovedsageligt konferencer for FN medlemslandene, men oprindelige folk fra hele verden har arbejdet aktivt for at sikre en st\u00e6rk repr\u00e6sentation under Verdenskonferencen fra alle de syv verdensdele oprindelige folk repr\u00e6senterer.<\/p>\n<p>\u201dN\u00e6ste \u00e5rs Verdenskonference omhandler oprindelige folk. Derfor skal oprindelige folk ogs\u00e5 v\u00e6re repr\u00e6senterede ved konferencen. En stor del af arbejdet op mod Verdenskonferencen handler derfor om, at sikre, at oprindelige folk deltager fuldt ud i konferencen og at det er de emner oprindelige folk selv har valgt, der bliver de vigtigste emner ved konferencen\u201d, siger Sara Olsvig.<\/p>\n<p>Nogle af de vigtigste punkter i Alta-slutdokumentet omhandler en reel implementering af FN\u2019s deklaration om oprindelige folks rettigheder, at der regionalt og internationalt oprettes monitoreringsmekanismer i forhold til overholdelsen af oprindelige folk rettigheder.<\/p>\n<p>For yderlige information kontakt:<\/p>\n<p>Sara Olsvig: +299 52 68 58<\/p>\n","protected":false},"excerpt":{"rendered":"<p>\u00a0Samtlige partier i Inatsisartut st\u00f8tter Alta- slutdokumentet Tirsdag f\u00f8rstebehandlede Inatsisartut Sara Olsvigs, Inuit Ataqatigiit, forslag om at Gr\u00f8nland aktivt skal promovere slutdokumentet fra den store oprindelige folks konference, som blev holdt i den samiske by Alta i Norge i juni m\u00e5ned. Konferencen var oprindelige folks egen forberedende konference til FN\u2019s Verdenskonference som afholdes i New [&hellip;]<\/p>\n","protected":false},"author":1,"featured_media":461,"comment_status":"closed","ping_status":"closed","sticky":false,"template":"","format":"standard","meta":{"footnotes":""},"categories":[19],"tags":[],"class_list":["post-5930","post","type-post","status-publish","format-standard","has-post-thumbnail","hentry","category-seneste-nyheder-inuit-ataqatigiit"],"_links":{"self":[{"href":"https:\/\/ia.gl\/kl\/wp-json\/wp\/v2\/posts\/5930","targetHints":{"allow":["GET"]}}],"collection":[{"href":"https:\/\/ia.gl\/kl\/wp-json\/wp\/v2\/posts"}],"about":[{"href":"https:\/\/ia.gl\/kl\/wp-json\/wp\/v2\/types\/post"}],"author":[{"embeddable":true,"href":"https:\/\/ia.gl\/kl\/wp-json\/wp\/v2\/users\/1"}],"replies":[{"embeddable":true,"href":"https:\/\/ia.gl\/kl\/wp-json\/wp\/v2\/comments?post=5930"}],"version-history":[{"count":1,"href":"https:\/\/ia.gl\/kl\/wp-json\/wp\/v2\/posts\/5930\/revisions"}],"predecessor-version":[{"id":5931,"href":"https:\/\/ia.gl\/kl\/wp-json\/wp\/v2\/posts\/5930\/revisions\/5931"}],"wp:featuredmedia":[{"embeddable":true,"href":"https:\/\/ia.gl\/kl\/wp-json\/wp\/v2\/media\/461"}],"wp:attachment":[{"href":"https:\/\/ia.gl\/kl\/wp-json\/wp\/v2\/media?parent=5930"}],"wp:term":[{"taxonomy":"category","embeddable":true,"href":"https:\/\/ia.gl\/kl\/wp-json\/wp\/v2\/categories?post=5930"},{"taxonomy":"post_tag","embeddable":true,"href":"https:\/\/ia.gl\/kl\/wp-json\/wp\/v2\/tags?post=5930"}],"curies":[{"name":"wp","href":"https:\/\/api.w.org\/{rel}","templated":true}]}}