{"id":5928,"date":"2013-11-06T09:05:06","date_gmt":"2013-11-06T09:05:06","guid":{"rendered":"https:\/\/demo.ia.gl\/ia-den-eneste-opposition\/"},"modified":"2024-07-14T20:45:46","modified_gmt":"2024-07-14T20:45:46","slug":"ia-den-eneste-opposition","status":"publish","type":"post","link":"https:\/\/ia.gl\/kl\/ia-den-eneste-opposition\/","title":{"rendered":"IA den eneste opposition"},"content":{"rendered":"<p>5. november 2013<\/p>\n<p><strong>IA den eneste opposition<\/strong><\/p>\n<p>Inuit Ataqatigiit\u00a0indledte den politiske s\u00e6son med at sl\u00e5 fast, at vi som\u00a0opposition vil v\u00e6re\u00a0skarpe og\u00a0\u00e5rv\u00e5gne.<\/p>\n<p>Men vi\u00a0slog ogs\u00e5 fast, at vi \u00f8nskede et konstruktivt samarbejde om vores land.\u00a0Det \u00e6ndrer sig ikke ved at Demokraterne nu er en del af koalitionens bagland, og Inuit Ataqatigiit dermed er det eneste oppositionsparti i Inatsisartut.<\/p>\n<p>Vi forts\u00e6tter vores konstruktive samarbejde med alle Inatsisartuts partier med udgangs-punkt i Inuit Ataqatigiits politik og ideologi.\u00a0Vi er enige med Demokraternes formand i at en situation med blokpolitik ikke er \u00f8nskv\u00e6rdig for landet. Det \u00f8nsker Inuit Ataqatigiit heller ikke. Derfor vil vi fortsat s\u00f8ge indflydelse og samarbejde i alle de punkter hvor vi deler koalitionens politik, ligesom vi h\u00e5ber at koalitionen og dets bagland best\u00e5ende af Partii Inuit og Demokraterne vilst\u00f8tte vores politik, s\u00e5fremt det stemmer overens med deres holdninger.<\/p>\n<p>Omvendt agter Inuit Ataqatigiit ikke at holde igen med kritik, hvis vi mener den er p\u00e5 sin plads. Eksempelvis er vi ikke trygge ved at udskiftningen af Naalakkersuisutmedlemmer sker kun 7 m\u00e5neder efter valget. Der er brug for stabilitet i landets ledelse, og for at udtrykke vores utilfredshed med den uro rokaden har medf\u00f8rt, valgte vi at stemme blankt under dagens afstemning. Det skal dog ikke afholde os fra at \u00f8nske de nye medlemmer af Naalakkersuisut tillykke med deres poster med h\u00e5b om et godt fremtidigt samarbejde, ligesom vi \u00f8nsker Demokraterne tillykke med deres nye udvalgsposter.<\/p>\n<p>For yderlige information kontakt:<\/p>\n<p>Gruppeformand Agathe Fontain, Inuit Ataqatigiit, mobil: 48 45 31<\/p>\n","protected":false},"excerpt":{"rendered":"<p>5. november 2013 IA den eneste opposition Inuit Ataqatigiit\u00a0indledte den politiske s\u00e6son med at sl\u00e5 fast, at vi som\u00a0opposition vil v\u00e6re\u00a0skarpe og\u00a0\u00e5rv\u00e5gne. Men vi\u00a0slog ogs\u00e5 fast, at vi \u00f8nskede et konstruktivt samarbejde om vores land.\u00a0Det \u00e6ndrer sig ikke ved at Demokraterne nu er en del af koalitionens bagland, og Inuit Ataqatigiit dermed er det eneste [&hellip;]<\/p>\n","protected":false},"author":1,"featured_media":461,"comment_status":"closed","ping_status":"closed","sticky":false,"template":"","format":"standard","meta":{"footnotes":""},"categories":[19],"tags":[],"class_list":["post-5928","post","type-post","status-publish","format-standard","has-post-thumbnail","hentry","category-seneste-nyheder-inuit-ataqatigiit"],"_links":{"self":[{"href":"https:\/\/ia.gl\/kl\/wp-json\/wp\/v2\/posts\/5928","targetHints":{"allow":["GET"]}}],"collection":[{"href":"https:\/\/ia.gl\/kl\/wp-json\/wp\/v2\/posts"}],"about":[{"href":"https:\/\/ia.gl\/kl\/wp-json\/wp\/v2\/types\/post"}],"author":[{"embeddable":true,"href":"https:\/\/ia.gl\/kl\/wp-json\/wp\/v2\/users\/1"}],"replies":[{"embeddable":true,"href":"https:\/\/ia.gl\/kl\/wp-json\/wp\/v2\/comments?post=5928"}],"version-history":[{"count":1,"href":"https:\/\/ia.gl\/kl\/wp-json\/wp\/v2\/posts\/5928\/revisions"}],"predecessor-version":[{"id":5929,"href":"https:\/\/ia.gl\/kl\/wp-json\/wp\/v2\/posts\/5928\/revisions\/5929"}],"wp:featuredmedia":[{"embeddable":true,"href":"https:\/\/ia.gl\/kl\/wp-json\/wp\/v2\/media\/461"}],"wp:attachment":[{"href":"https:\/\/ia.gl\/kl\/wp-json\/wp\/v2\/media?parent=5928"}],"wp:term":[{"taxonomy":"category","embeddable":true,"href":"https:\/\/ia.gl\/kl\/wp-json\/wp\/v2\/categories?post=5928"},{"taxonomy":"post_tag","embeddable":true,"href":"https:\/\/ia.gl\/kl\/wp-json\/wp\/v2\/tags?post=5928"}],"curies":[{"name":"wp","href":"https:\/\/api.w.org\/{rel}","templated":true}]}}