{"id":5920,"date":"2013-10-28T10:38:05","date_gmt":"2013-10-28T10:38:05","guid":{"rendered":"https:\/\/demo.ia.gl\/kuupik-v-kleist-deltager-i-forberedende-moeder-i-washington-og-efterfoelgende-i-fns-68-generalforsamling-i-new-york\/"},"modified":"2024-07-14T20:45:46","modified_gmt":"2024-07-14T20:45:46","slug":"kuupik-v-kleist-deltager-i-forberedende-moeder-i-washington-og-efterfoelgende-i-fns-68-generalforsamling-i-new-york","status":"publish","type":"post","link":"https:\/\/ia.gl\/kl\/kuupik-v-kleist-deltager-i-forberedende-moeder-i-washington-og-efterfoelgende-i-fns-68-generalforsamling-i-new-york\/","title":{"rendered":"Kuupik V. Kleist deltager i forberedende m\u00f8der i Washington og efterf\u00f8lgende i FN\u2019s 68. generalforsamling i New York"},"content":{"rendered":"<style type=\"text\/css\"><!--\nP { margin-bottom: 0.21cm; }\n--><\/style>\n<p><span style=\"font-size: medium;\"><b>Kuupik Vandersee Kleist deltager i forberedende m\u00f8der i Washington og efterf\u00f8lgende i FN\u2019s 68. generalforsamling i New York<\/b><\/span><\/p>\n<p>Medlem af Inatsisartut Kuupik Vandersee Kleist er rejst til Washington, hvor han i \u00f8jeblikket deltager i forberedende m\u00f8der til FN\u2019s 68. generalforsamling.<\/p>\n<p>I g\u00e5r blev han briefet i Pentagon om det aktuelle amerikanske milit\u00e6rsamarbejde i de arktiske omr\u00e5der. Derudover deltog han i m\u00f8der med en r\u00e6kke t\u00e6nketanke og folk med tilknytning til regeringen i Washington om USA\u2019s indsats indenfor det arktiske omr\u00e5de i de kommende \u00e5r.<\/p>\n<p>I dag er en rundvisning i Kongressen p\u00e5 programmet, efterfulgt af et eftermiddagsm\u00f8de i Verdensbanken og endnu et m\u00f8de i U.S. Department of State vedr\u00f8rende situationen i Iran og eventuelle \u00f8konomiske sanktioner. Derudover forventes en del briefinger om situationen i USA vedr\u00f8rende landets aktuelle budgetproblemer.<\/p>\n<p>Fra s\u00f8ndag rejser Kuupik Vandersee Kleist til New York for at deltage i FN\u2019s generalforsamling. Her vil han fokusere s\u00e6rligt p\u00e5 Arktis og oprindelige folk.<\/p>\n<p>Gr\u00f8nland deltager som en del af det Danske Rigsf\u00e6llesskab i FN\u2019s generalforsamling. Inatsisartut er i \u00e5r alene repr\u00e6senteret ved Kuupik Vandersee Kleist.<\/p>\n<p><span style=\"font-family: Times New Roman,serif;\"><span style=\"font-size: medium;\"><em><span style=\"font-family: Arial,serif;\"><span style=\"font-size: small;\">For yderligere oplysninger kan medlem af Inatsisartut Kuupik Vandersee Kleist kontaktes p\u00e5 mobil +299 54 78 58.<\/span><\/span><\/em><\/span><\/span><\/p>\n","protected":false},"excerpt":{"rendered":"<p>Kuupik Vandersee Kleist deltager i forberedende m\u00f8der i Washington og efterf\u00f8lgende i FN\u2019s 68. generalforsamling i New York Medlem af Inatsisartut Kuupik Vandersee Kleist er rejst til Washington, hvor han i \u00f8jeblikket deltager i forberedende m\u00f8der til FN\u2019s 68. generalforsamling. I g\u00e5r blev han briefet i Pentagon om det aktuelle amerikanske milit\u00e6rsamarbejde i de arktiske [&hellip;]<\/p>\n","protected":false},"author":1,"featured_media":461,"comment_status":"closed","ping_status":"closed","sticky":false,"template":"","format":"standard","meta":{"footnotes":""},"categories":[19],"tags":[],"class_list":["post-5920","post","type-post","status-publish","format-standard","has-post-thumbnail","hentry","category-seneste-nyheder-inuit-ataqatigiit"],"_links":{"self":[{"href":"https:\/\/ia.gl\/kl\/wp-json\/wp\/v2\/posts\/5920","targetHints":{"allow":["GET"]}}],"collection":[{"href":"https:\/\/ia.gl\/kl\/wp-json\/wp\/v2\/posts"}],"about":[{"href":"https:\/\/ia.gl\/kl\/wp-json\/wp\/v2\/types\/post"}],"author":[{"embeddable":true,"href":"https:\/\/ia.gl\/kl\/wp-json\/wp\/v2\/users\/1"}],"replies":[{"embeddable":true,"href":"https:\/\/ia.gl\/kl\/wp-json\/wp\/v2\/comments?post=5920"}],"version-history":[{"count":1,"href":"https:\/\/ia.gl\/kl\/wp-json\/wp\/v2\/posts\/5920\/revisions"}],"predecessor-version":[{"id":5921,"href":"https:\/\/ia.gl\/kl\/wp-json\/wp\/v2\/posts\/5920\/revisions\/5921"}],"wp:featuredmedia":[{"embeddable":true,"href":"https:\/\/ia.gl\/kl\/wp-json\/wp\/v2\/media\/461"}],"wp:attachment":[{"href":"https:\/\/ia.gl\/kl\/wp-json\/wp\/v2\/media?parent=5920"}],"wp:term":[{"taxonomy":"category","embeddable":true,"href":"https:\/\/ia.gl\/kl\/wp-json\/wp\/v2\/categories?post=5920"},{"taxonomy":"post_tag","embeddable":true,"href":"https:\/\/ia.gl\/kl\/wp-json\/wp\/v2\/tags?post=5920"}],"curies":[{"name":"wp","href":"https:\/\/api.w.org\/{rel}","templated":true}]}}