{"id":5890,"date":"2013-08-27T12:06:13","date_gmt":"2013-08-27T12:06:13","guid":{"rendered":"https:\/\/demo.ia.gl\/pressemeddelse-groenlands-deltagelse-i-arktisk-raad\/"},"modified":"2024-07-14T20:45:45","modified_gmt":"2024-07-14T20:45:45","slug":"pressemeddelse-groenlands-deltagelse-i-arktisk-raad","status":"publish","type":"post","link":"https:\/\/ia.gl\/kl\/pressemeddelse-groenlands-deltagelse-i-arktisk-raad\/","title":{"rendered":"Pressemeddelse: Gr\u00f8nlands deltagelse i Arktisk R\u00e5d"},"content":{"rendered":"<p><b>Gr\u00f8nlands deltagelse i Arktisk R\u00e5d<\/b><\/p>\n<p>Inuit Ataqatigiit er tilfredse med, at Naalakkersuisut endelig besinder sig i sagen om boykottet af Arktisk R\u00e5d. Gr\u00f8nlands deltagelse i Arktisk R\u00e5d er vigtigere end nogen sinde f\u00f8r og lige som det nuv\u00e6rende Naalakkersuisut l\u00e5 genoprettelsen af Gr\u00f8nlands fulde deltagelse i R\u00e5det h\u00f8jt p\u00e5 dagsordenen da Inuit Ataqatigiit sad i regering.<br \/>\n<b>IA v\u00e6lger dialogens og solidaritetens vej<\/b><\/p>\n<p>Vi ville dog til hver en tid have valgt dialogens og solidaritetens vej.<\/p>\n<p>Boykottet har betydet, at m\u00f8der som skulle have v\u00e6ret holdt i Gr\u00f8nland blev flyttet ud af landet og at mange gr\u00f8nlandske forskere har m\u00e5ttet s\u00e6tte deres deltagelse i det arktiske samarbejde i bero.<\/p>\n<p>Samtidig har den udiplomatiske metode betydet, at Gr\u00f8nland har g\u00e5et enegang uden koordination med andre selvstyrende nationer i Arktis, og som vi forst\u00e5r Formanden for Naalakkersuisut pressemeddelelse er forhandlingernes udfald ikke meget anderledes end den situation Gr\u00f8nland sad i f\u00f8r boykottet.<\/p>\n<p>Vi tvivler st\u00e6rkt p\u00e5, at de andre arktiske nationers delegationer har v\u00e6ret s\u00e6rligt p\u00e5virkede af forhandlingerne mellem Rigsf\u00e6llesskabet og Canada eller af boykottet i det hele taget. Det ville have v\u00e6ret p\u00e5 sin plads at rejse sagen \u00e5bent og ad dialogens vej ved ministerm\u00f8det i Kiruna, s\u00e5 hele Arktisk R\u00e5d kunne have v\u00e6ret inddraget.<\/p>\n<p><b>Rigsf\u00e6llesskabet har stadig \u00e9n stemme<\/b><\/p>\n<p>Gr\u00f8nland skal stadig koordinere sin deltagelse i Arktisk R\u00e5d t\u00e6t med den danske og den f\u00e6r\u00f8ske regering, og Rigsf\u00e6llesskabet har stadig \u00e9n stemme. Pr\u00e6cis som f\u00f8r.<\/p>\n<p>Desuden er det nu meldt klart ud, at Gr\u00f8nland ikke altid vil kunne repr\u00e6sentere Rigsf\u00e6llesskabet i Arktisk R\u00e5d. Det kompromis der tilsyneladende er indg\u00e5et med den danske regering er, at Gr\u00f8nland, Danmark og F\u00e6r\u00f8erne deler de s\u00e6der der er til r\u00e5dighed ud fra hvilke sagsomr\u00e5der det handler om.<br \/>\n<b>Repr\u00e6sentationsmodellen, nu mere fastl\u00e5st<\/b><\/p>\n<p>Vi ville have foretrukket, at der fra sag til sag blev set p\u00e5, hvem der var bedst kl\u00e6dt p\u00e5 til at varetage opgaven at skulle repr\u00e6sentere Rigsf\u00e6llesskabet. Hvis der for eksempel forhandles om udenrigs- og sikkerhedspolitiske emner, som er et dansk ansvarsomr\u00e5de, s\u00e5 er aftalen tilsyneladende nu, at Danmark har fribillet til at repr\u00e6sentere b\u00e5de Gr\u00f8nland og F\u00e6r\u00f8erne i de tilf\u00e6lde hvor der ikke er tre pladser til hver stat i R\u00e5det. Dermed er repr\u00e6sentationsmodellen nu mere fastl\u00e5st end den var f\u00f8r.<\/p>\n<p>Vi finder det desuden uhensigtsm\u00e6ssigt, at Gr\u00f8nland og Danmark har valgt at forhandle med formandsskabet i Arktisk R\u00e5d, i stedet for at s\u00e6tte sagen p\u00e5 dagsordenen ved ministerm\u00f8det i Kiruna. Nu er det usikkert hvordan fremtidige formandsskaber vil forholde sig til problematikken og hvis der opst\u00e5r lignende problemer under et nyt formandsskab, skal vi s\u00e5 boykotte igen og igen?<\/p>\n<p><b>Det handler ogs\u00e5 om andre arktiske folk<\/b><\/p>\n<p>Endelig mener vi, at en t\u00e6t koordination med de andre selvstyrende nationer i Arktis ville have v\u00e6ret p\u00e5 sin plads. Arktisk R\u00e5d er n\u00f8dt til at tage en overordnet dr\u00f8ftelse om de selvstyrende nationers position i r\u00e5det. Det er ikke kun Gr\u00f8nland det handler om, det handler ogs\u00e5 om mange andre arktiske folk og her kunne Gr\u00f8nland have g\u00e5et forrest i solidaritet med vores ligesindede. I stedet gik Gr\u00f8nland i bagl\u00e5s og lukkede sig selv ude uden noget st\u00f8rre resultat.<\/p>\n<p>Sp\u00f8rgsm\u00e5let er nu i h\u00f8j grad om det nu definitivt er besluttet at det er staten og kun staten, der taler p\u00e5 rigets vegne n\u00e5r der f.eks. diskuteres udenrigs- og sikkerhedspolitiske sp\u00f8rgsm\u00e5l?<\/p>\n<p><b>\u00a0<\/b><\/p>\n<p><b>\u00a0<\/b><\/p>\n<p><b>For yderligere information kontakt Kuupik Kleist, 32 37 02<\/b><\/p>\n","protected":false},"excerpt":{"rendered":"<p>Gr\u00f8nlands deltagelse i Arktisk R\u00e5d Inuit Ataqatigiit er tilfredse med, at Naalakkersuisut endelig besinder sig i sagen om boykottet af Arktisk R\u00e5d. Gr\u00f8nlands deltagelse i Arktisk R\u00e5d er vigtigere end nogen sinde f\u00f8r og lige som det nuv\u00e6rende Naalakkersuisut l\u00e5 genoprettelsen af Gr\u00f8nlands fulde deltagelse i R\u00e5det h\u00f8jt p\u00e5 dagsordenen da Inuit Ataqatigiit sad i [&hellip;]<\/p>\n","protected":false},"author":1,"featured_media":461,"comment_status":"closed","ping_status":"closed","sticky":false,"template":"","format":"standard","meta":{"footnotes":""},"categories":[19],"tags":[],"class_list":["post-5890","post","type-post","status-publish","format-standard","has-post-thumbnail","hentry","category-seneste-nyheder-inuit-ataqatigiit"],"_links":{"self":[{"href":"https:\/\/ia.gl\/kl\/wp-json\/wp\/v2\/posts\/5890","targetHints":{"allow":["GET"]}}],"collection":[{"href":"https:\/\/ia.gl\/kl\/wp-json\/wp\/v2\/posts"}],"about":[{"href":"https:\/\/ia.gl\/kl\/wp-json\/wp\/v2\/types\/post"}],"author":[{"embeddable":true,"href":"https:\/\/ia.gl\/kl\/wp-json\/wp\/v2\/users\/1"}],"replies":[{"embeddable":true,"href":"https:\/\/ia.gl\/kl\/wp-json\/wp\/v2\/comments?post=5890"}],"version-history":[{"count":1,"href":"https:\/\/ia.gl\/kl\/wp-json\/wp\/v2\/posts\/5890\/revisions"}],"predecessor-version":[{"id":5891,"href":"https:\/\/ia.gl\/kl\/wp-json\/wp\/v2\/posts\/5890\/revisions\/5891"}],"wp:featuredmedia":[{"embeddable":true,"href":"https:\/\/ia.gl\/kl\/wp-json\/wp\/v2\/media\/461"}],"wp:attachment":[{"href":"https:\/\/ia.gl\/kl\/wp-json\/wp\/v2\/media?parent=5890"}],"wp:term":[{"taxonomy":"category","embeddable":true,"href":"https:\/\/ia.gl\/kl\/wp-json\/wp\/v2\/categories?post=5890"},{"taxonomy":"post_tag","embeddable":true,"href":"https:\/\/ia.gl\/kl\/wp-json\/wp\/v2\/tags?post=5890"}],"curies":[{"name":"wp","href":"https:\/\/api.w.org\/{rel}","templated":true}]}}