{"id":5876,"date":"2013-05-22T12:42:13","date_gmt":"2013-05-22T12:42:13","guid":{"rendered":"https:\/\/demo.ia.gl\/utidigt-og-umodent-boykot-af-arktisk-raad\/"},"modified":"2024-07-14T20:45:44","modified_gmt":"2024-07-14T20:45:44","slug":"utidigt-og-umodent-boykot-af-arktisk-raad","status":"publish","type":"post","link":"https:\/\/ia.gl\/kl\/utidigt-og-umodent-boykot-af-arktisk-raad\/","title":{"rendered":"Utidigt og umodent boykot af Arktisk R\u00e5d"},"content":{"rendered":"<p><a href=\"https:\/\/ia.gl\/wp-content\/uploads\/2024\/07\/fjord.jpg\"><img fetchpriority=\"high\" decoding=\"async\" class=\"alignnone size-full wp-image-1010\" alt=\"fjord\" src=\"https:\/\/ia.gl\/wp-content\/uploads\/2024\/07\/fjord.jpg\" width=\"300\" height=\"226\" title=\"\"><\/a><\/p>\n<p>P\u00e5 vegne af Inuit Ataqatigiit, Medlemmer af Inatsisartut Maliina Abelsen og Sara Olsvig<\/p>\n<p>I sidste uge tog formanden for Naalakkersuisut en ener\u00e5dig beslutning om, at Gr\u00f8nland og vores befolkninger ikke skulle v\u00e6re politisk repr\u00e6senteret ved Arktisk R\u00e5ds ministerm\u00f8de.\u00a0Arktisk R\u00e5ds ministerm\u00f8de\u00a0afholdes hvert andet\u00a0\u00e5r. Netop i disse tider tager Arktisk R\u00e5d vigtige skridt\u00a0ved hvert af r\u00e5dets\u00a0m\u00f8der. I \u00e5r fik\u00a0ikke f\u00e6rre end 6 nye lande observat\u00f8rstatus i r\u00e5det, og r\u00e5dets anden juridisk bindende aftale kom i hus sammen med et nyt f\u00e6lles\u00a0visionspapir for Arktis&#8217; fremtid. M\u00f8det\u00a0var s\u00e5ledes et\u00a0historisk m\u00f8de, hvor vigtige aftaler for Gr\u00f8nland og resten af Arktis blev indg\u00e5et.<\/p>\n<p>Alligevel valgte Formanden for Naalakkersuisut at blive v\u00e6k fra ministerm\u00f8det. Godt nok var Inatsisartuts Udenrigs- og Sikkerhedspolitiske udvalg orienteret om overvejelserne om ikke at deltage, men der var ikke tale om en dr\u00f8ftelse som udvalgets medlemmer kunne p\u00e5virke.\u00a0Beslutningen om at blive v\u00e6k tog\u00a0Aleqa Hammond uden opbakning fra udvalget. En beslutning som mildest\u00a0talt virker umoden og\u00a0utidig. Naalakkersuisut har ellers bebudet, at man vil s\u00f8ge dialog, \u00e5benhed og bred inddragelse i\u00a0beslutningsprocesser. Derfor virker det endnu mere m\u00e6rkv\u00e6rdigt, n\u00e5r man endvidere erfarer, at de to koalitionspartier ikke\u00a0havde v\u00e6ret inddraget\u00a0i beslutningen\u00a0om\u00a0udeblivelsen. Man kan ikke fort\u00e6nke Atassut og Partii Inuit i at f\u00f8le sig som ligegyldige st\u00f8ttekort til en ener\u00e5dig formand.<\/p>\n<p>I\u00a0Inuit Ataqatigiits \u00f8jne tager man ikke en s\u00e5dan beslutning uden at have sit parlamentariske grundlag i orden, og man tr\u00e6ffer ikke en beslutning om at boykotte Gr\u00f8nlands deltagelse ved s\u00e5 vigtige m\u00f8der, n\u00e5r man ikke har afs\u00f8gt alle andre muligheder. Og det har Aleqa Hammond n\u00e6ppe efter kun en m\u00e5ned i stolen som formand for Naalakkersuisut.<\/p>\n<p>Fra Inuit Ataqatigit vil vi g\u00f8re det meget klart, at vi ogs\u00e5 mener, at Gr\u00f8nland skal sidde med ved forhandlingsbordet i Arktisk R\u00e5d. Det g\u00e6lder alle internationale fora, hvor sager som vedr\u00f8rer\u00a0Gr\u00f8nland dr\u00f8ftes og forhandles om. Derfor\u00a0har Inuit Ataqatigiit de foreg\u00e5ende fire \u00e5r arbejdet utrolig h\u00e5rdt for at s\u00e6tte Gr\u00f8nland og vores rettigheder p\u00e5 verdenskortet.<\/p>\n<p>Men vi er ikke enige i, at l\u00f8sningen p\u00e5 Arktisk R\u00e5d problemet\u00a0er, at s\u00e6tte Gr\u00f8nlands arbejde i r\u00e5det i bero og dermed s\u00e6tte os selv uden for indflydelse, og vi er slet ikke enige i\u00a0boykottet af ministerm\u00f8det.<\/p>\n<p>Vi finder det ogs\u00e5 vigtigt, at g\u00f8re opm\u00e6rksom p\u00e5, hvad der er op og ned i Arktisk R\u00e5d. Det er nemlig s\u00e5dan, at der er ministerm\u00f8de hver\u00a0andet \u00e5r. Ministerm\u00f8det er det h\u00f8jeste m\u00f8deorgan i Arktisk R\u00e5d.\u00a0Her deltager Gr\u00f8nland og der er tre stole til Rigsf\u00e6llesskabet. I \u00e5r\u00a0benyttede\u00a0Gr\u00f8nland ikke sin stol, mens F\u00e6r\u00f8ernes stol var besat af Lagmand\u00a0Kaj Leo Johannesen, der talte p\u00e5 vegne af F\u00e6r\u00f8erne. Aleqa Hammond\u00a0havde s\u00e5ledes ellers ogs\u00e5\u00a0mulighed for at udtrykke sig p\u00e5 vegne af\u00a0Gr\u00f8nland ved ministerm\u00f8det i Kiruna. Men denne mulighed blev ikke brugt, og det p\u00e5 trods af, at det var det f\u00f8rste ministerm\u00f8de efter den \u00e6ndring i praksis som Naalakkersuisut p\u00e5peger i deres pressemeddelelse som begrundelse for\u00a0boykottet. Det vil sige, at Aleqa Hammond valgte at tage skridtet til boykot f\u00f8r hun gav sig selv muligheden for at itales\u00e6tte problemet direkte over for de andre Arktisk R\u00e5d ministre. Derfor mener vi klart, at boykottet, ud over at v\u00e6re et umodent kneb, ogs\u00e5\u00a0er aldeles utidigt.<\/p>\n<p>P\u00e5 embedsmandsplan findes de s\u00e5kaldte SAO (Senior Arctic Officials)\u00a0m\u00f8der, som finder sted\u00a0oftere end ministerm\u00f8derne. Her\u00a0er de otte lande repr\u00e6senteret af en SAO fra hver medlemsstat. Det betyder, at der p\u00e5 embedsmandsniveau normalt sidder en SAO, som taler p\u00e5 vegne af Riget. Naturligvis er det ikke tilfredsstillende, at Gr\u00f8nland i den seneste tid ikke\u00a0har siddet\u00a0med ved disse embedsmands-forhandlinger.\u00a0Dette har v\u00e6ret en intern sag i Rigsf\u00e6llesskabet\u00a0l\u00e6nge. Nogle gange har Gr\u00f8nland siddet med og andre gange ikke.<\/p>\n<p>Netop derfor har vi fra Inuit Ataqatigiit arbejdet p\u00e5 at styrke de interne strukturer i Rigsf\u00e6llesskabet, s\u00e6rligt p\u00e5 det udenrigs- og sikkerhedspolitiske omr\u00e5de, som vi inden valget n\u00e5ede at indlede forhandlinger med den danske regering om. Vi har ogs\u00e5 lagt op til, at Gr\u00f8nland selv styrker sin udenrigspolitiske indsats. Hvis vi vil ses som en ligev\u00e6rdig part er vi ogs\u00e5 n\u00f8dt til at opf\u00f8re os som en ligev\u00e6rdig part.<\/p>\n<p>Fra Inuit Ataqatigiit mener vi at\u00a0Gr\u00f8nland skal sidde med ved samtlige SAO m\u00f8der.\u00a0 Men samtidig m\u00e5 vi erkende, at Gr\u00f8nland endnu ikke er en stat og da Arktisk R\u00e5d er et mellemstatsligt samarbejdsforum er det sv\u00e6rt at acceptere for de \u00f8vrige stater, som ogs\u00e5 har Selvstyre-lignende ordninger (som i Canada)\u00a0og regionale\u00a0regeringer (f.eks. Rusland), at selvstyrende nationer skal sidde med p\u00e5 lige fod med staterne.<\/p>\n<p>Derfor bliver det en lang kamp for Gr\u00f8nland, og vi bliver selvf\u00f8lgelig ved med at k\u00e6mpe denne kamp. Men det korte af det lange er, at det ikke hj\u00e6lper at vi bliver v\u00e6k fra\u00a0m\u00f8derne.\u00a0Tv\u00e6rtimod skal vi\u00a0lade\u00a0vores\u00a0stemme blive h\u00f8rt,\u00a0og hvor kan\u00a0vi s\u00e5 s\u00e6rligt det? Ja, det kan vi\u00a0ved ministerm\u00f8derne, hvor formanden for Naalakkersuisut valgte at blive v\u00e6k. Det m\u00f8de, hvor Gr\u00f8nlands stol var tom. Det m\u00f8de, hvor der var mulighed for at skabe dialog og forst\u00e5else hos f.eks. USA\u2019s udenrigsminister John Kerry og det canadiske formandsskab ledet af Leona Aglukkaq.<\/p>\n<p>Vi mener s\u00e5ledes ikke, at Aleqa Hammonds beslutning var velovervejet eller klog. For det f\u00f8rste, tror vi ikke, at den vil skabe andet et skuldertr\u00e6k fra de \u00f8vrige stater, som da ogs\u00e5 har udtalt, at vi m\u00e5 finde ud af det internt med Danmark. Og det er h\u00e9r en stor del af opgaven ligger. Lad os finde en ordning, hvor vi sikrer, at b\u00e5de Danmark, F\u00e6r\u00f8erne og Gr\u00f8nlands stemme er\u00a0tydelig, ogs\u00e5 p\u00e5 embedsmandsplan. Det m\u00e5 vi da kunne finde ud af at samarbejde om, uden at boykotte store politiske m\u00f8der.<br \/>\nVi vil anbefale Naalakkersuisut, at man\u00a0s\u00f8ger opbakning hos sin arbejdsgiver Inatsisartut, hvis man \u00f8nsker at foretage sig drastiske handlinger p\u00e5 vegne af Gr\u00f8nland; at man s\u00f8ger dialog og indflydelse ved at repr\u00e6sentere Gr\u00f8nland ved politiske m\u00f8der; at man forst\u00e5r sin rolle og ikke skader landets mulighed for indflydelse.<\/p>\n<p>Vi beklager situationen og h\u00e5ber Naalakkersuisut l\u00e6rer med tiden.<\/p>\n","protected":false},"excerpt":{"rendered":"<p>P\u00e5 vegne af Inuit Ataqatigiit, Medlemmer af Inatsisartut Maliina Abelsen og Sara Olsvig I sidste uge tog formanden for Naalakkersuisut en ener\u00e5dig beslutning om, at Gr\u00f8nland og vores befolkninger ikke skulle v\u00e6re politisk repr\u00e6senteret ved Arktisk R\u00e5ds ministerm\u00f8de.\u00a0Arktisk R\u00e5ds ministerm\u00f8de\u00a0afholdes hvert andet\u00a0\u00e5r. Netop i disse tider tager Arktisk R\u00e5d vigtige skridt\u00a0ved hvert af r\u00e5dets\u00a0m\u00f8der. I [&hellip;]<\/p>\n","protected":false},"author":1,"featured_media":461,"comment_status":"closed","ping_status":"closed","sticky":false,"template":"","format":"standard","meta":{"footnotes":""},"categories":[19],"tags":[],"class_list":["post-5876","post","type-post","status-publish","format-standard","has-post-thumbnail","hentry","category-seneste-nyheder-inuit-ataqatigiit"],"_links":{"self":[{"href":"https:\/\/ia.gl\/kl\/wp-json\/wp\/v2\/posts\/5876","targetHints":{"allow":["GET"]}}],"collection":[{"href":"https:\/\/ia.gl\/kl\/wp-json\/wp\/v2\/posts"}],"about":[{"href":"https:\/\/ia.gl\/kl\/wp-json\/wp\/v2\/types\/post"}],"author":[{"embeddable":true,"href":"https:\/\/ia.gl\/kl\/wp-json\/wp\/v2\/users\/1"}],"replies":[{"embeddable":true,"href":"https:\/\/ia.gl\/kl\/wp-json\/wp\/v2\/comments?post=5876"}],"version-history":[{"count":1,"href":"https:\/\/ia.gl\/kl\/wp-json\/wp\/v2\/posts\/5876\/revisions"}],"predecessor-version":[{"id":5877,"href":"https:\/\/ia.gl\/kl\/wp-json\/wp\/v2\/posts\/5876\/revisions\/5877"}],"wp:featuredmedia":[{"embeddable":true,"href":"https:\/\/ia.gl\/kl\/wp-json\/wp\/v2\/media\/461"}],"wp:attachment":[{"href":"https:\/\/ia.gl\/kl\/wp-json\/wp\/v2\/media?parent=5876"}],"wp:term":[{"taxonomy":"category","embeddable":true,"href":"https:\/\/ia.gl\/kl\/wp-json\/wp\/v2\/categories?post=5876"},{"taxonomy":"post_tag","embeddable":true,"href":"https:\/\/ia.gl\/kl\/wp-json\/wp\/v2\/tags?post=5876"}],"curies":[{"name":"wp","href":"https:\/\/api.w.org\/{rel}","templated":true}]}}