{"id":5870,"date":"2013-04-18T11:23:18","date_gmt":"2013-04-18T11:23:18","guid":{"rendered":"https:\/\/demo.ia.gl\/praktikopslag\/"},"modified":"2024-07-14T20:45:44","modified_gmt":"2024-07-14T20:45:44","slug":"praktikopslag","status":"publish","type":"post","link":"https:\/\/ia.gl\/kl\/praktikopslag\/","title":{"rendered":"PRAKTIKOPSLAG"},"content":{"rendered":"<p style=\"text-align: center;\" align=\"center\"><b>Inuit Ataqatigiit Inatsisartuni s\u00f8ger en akademisk praktikant til efter\u00e5rs-semestret 2013<\/b><\/p>\n<p>Valget til Inatsisartut er overst\u00e5et og Inuit Ataqatigiit g\u00e5r nu en sp\u00e6ndende og udfordrende tid i m\u00f8de som landets st\u00f8rste oppositionsparti. Med 11 st\u00e6rke mandater f\u00e5r Inuit Ataqatigiits Inatsisartutgruppe stor indflydelse p\u00e5 arbejdet i parlamentet og dets mange udvalg.<\/p>\n<p>Efter\u00e5rssamlingen i Inatsisartut starter den 13. september. I Inuit Ataqatigiit ser frem til at arbejde seri\u00f8st og m\u00e5lrettet for vores sager og \u00f8nsker at invitere dig til at v\u00e6re en del af vores hold til efter\u00e5ret.<\/p>\n<p>Derfor s\u00f8ger vi en engageret akademisk praktikant til start enten den 15. august eller 1. september 2013, frem til enten den 15. januar eller 31. januar 2014.<\/p>\n<p>Du skal v\u00e6re interesseret i samfundsforhold, politik, formidling og kommunikation, og have lyst til at l\u00e6re mere om Inatsisartut og arbejdet i en parlamentarisk gruppe.<\/p>\n<p>Vi kan tilbyde sp\u00e6ndende og varierende arbejdsdage, hvor du f\u00e5r indsigt i gruppens politiske arbejde, l\u00e6rer om behandling af lovgivning, politisk kommunikation og formidling, og f\u00e5r lejlighed til f\u00f8lge arbejdet i Inatsisartut helt t\u00e6t.<\/p>\n<p>Dine arbejdsopgaver vil blandt andet v\u00e6re:<\/p>\n<p>&#8211;\u00a0\u00a0\u00a0\u00a0\u00a0 Assistere Inatsisartutgruppen med research p\u00e5 forskellige sagsomr\u00e5der<\/p>\n<p>&#8211;\u00a0\u00a0\u00a0\u00a0\u00a0 Udarbejde korte notater om relevante emner<\/p>\n<p>&#8211;\u00a0\u00a0\u00a0\u00a0\u00a0 Assistere sekretariatet med formidling og kommunikation<\/p>\n<p>&#8211;\u00a0\u00a0\u00a0\u00a0\u00a0 Assistere Inatsisartutgruppen i udarbejdelse af \u00a7 37 sp\u00f8rgsm\u00e5l<\/p>\n<p>&#8211;\u00a0\u00a0\u00a0\u00a0\u00a0 Deltage i gruppem\u00f8der<\/p>\n<p>&nbsp;<\/p>\n<p>Kom og v\u00e6r\u2019 med i det sp\u00e6ndende arbejde i Inatsisartut.<\/p>\n<p>Praktikperioden er ul\u00f8nnet og arbejdstiden er 35 timer om ugen i gennemsnit. Vi stiller krav om, at der indg\u00e5s en praktikaftale med dit uddannelsessted s\u00e5ledes at du f\u00e5r ECTS point for semestret.<\/p>\n<p><b>Ans\u00f8gningsfrist er 1. maj 2013, <\/b>som sendes til:<\/p>\n<p><b>INUIT ATAQATIGIIT<\/b><\/p>\n<p>Inatsisartuni<\/p>\n<p><i>Att.: Sekretariatsleder Hans Pavia Egede<\/i><\/p>\n<p><a href=\"mailto:hapa@inatsisartut.gl\">hapa@inatsisartut.gl<\/a><\/p>\n<p>&nbsp;<\/p>\n<p>Har du behov for yderligere oplysninger, s\u00e5 kan du ringe p\u00e5 mobiltelefonnr. 553112<\/p>\n<p>Se mere om Inuit Ataqatigiit og Inatsisarut p\u00e5 <a href=\"http:\/\/www.ia.gl\/\">www.ia.gl<\/a> og <a href=\"http:\/\/www.inatsisartut.gl\/\" target=\"_blank\" rel=\"noopener\">www.inatsisartut.gl<\/a>.<\/p>\n<p>&nbsp;<\/p>\n","protected":false},"excerpt":{"rendered":"<p>Inuit Ataqatigiit Inatsisartuni s\u00f8ger en akademisk praktikant til efter\u00e5rs-semestret 2013 Valget til Inatsisartut er overst\u00e5et og Inuit Ataqatigiit g\u00e5r nu en sp\u00e6ndende og udfordrende tid i m\u00f8de som landets st\u00f8rste oppositionsparti. Med 11 st\u00e6rke mandater f\u00e5r Inuit Ataqatigiits Inatsisartutgruppe stor indflydelse p\u00e5 arbejdet i parlamentet og dets mange udvalg. Efter\u00e5rssamlingen i Inatsisartut starter den 13. [&hellip;]<\/p>\n","protected":false},"author":1,"featured_media":461,"comment_status":"closed","ping_status":"closed","sticky":false,"template":"","format":"standard","meta":{"footnotes":""},"categories":[19],"tags":[],"class_list":["post-5870","post","type-post","status-publish","format-standard","has-post-thumbnail","hentry","category-seneste-nyheder-inuit-ataqatigiit"],"_links":{"self":[{"href":"https:\/\/ia.gl\/kl\/wp-json\/wp\/v2\/posts\/5870","targetHints":{"allow":["GET"]}}],"collection":[{"href":"https:\/\/ia.gl\/kl\/wp-json\/wp\/v2\/posts"}],"about":[{"href":"https:\/\/ia.gl\/kl\/wp-json\/wp\/v2\/types\/post"}],"author":[{"embeddable":true,"href":"https:\/\/ia.gl\/kl\/wp-json\/wp\/v2\/users\/1"}],"replies":[{"embeddable":true,"href":"https:\/\/ia.gl\/kl\/wp-json\/wp\/v2\/comments?post=5870"}],"version-history":[{"count":1,"href":"https:\/\/ia.gl\/kl\/wp-json\/wp\/v2\/posts\/5870\/revisions"}],"predecessor-version":[{"id":5871,"href":"https:\/\/ia.gl\/kl\/wp-json\/wp\/v2\/posts\/5870\/revisions\/5871"}],"wp:featuredmedia":[{"embeddable":true,"href":"https:\/\/ia.gl\/kl\/wp-json\/wp\/v2\/media\/461"}],"wp:attachment":[{"href":"https:\/\/ia.gl\/kl\/wp-json\/wp\/v2\/media?parent=5870"}],"wp:term":[{"taxonomy":"category","embeddable":true,"href":"https:\/\/ia.gl\/kl\/wp-json\/wp\/v2\/categories?post=5870"},{"taxonomy":"post_tag","embeddable":true,"href":"https:\/\/ia.gl\/kl\/wp-json\/wp\/v2\/tags?post=5870"}],"curies":[{"name":"wp","href":"https:\/\/api.w.org\/{rel}","templated":true}]}}