{"id":5822,"date":"2012-08-28T10:05:36","date_gmt":"2012-08-28T10:05:36","guid":{"rendered":"https:\/\/demo.ia.gl\/ogsaa-knr-maa-tilpasse-sig\/"},"modified":"2024-07-14T20:45:30","modified_gmt":"2024-07-14T20:45:30","slug":"ogsaa-knr-maa-tilpasse-sig","status":"publish","type":"post","link":"https:\/\/ia.gl\/kl\/ogsaa-knr-maa-tilpasse-sig\/","title":{"rendered":"Ogs\u00e5 KNR m\u00e5 tilpasse sig"},"content":{"rendered":"<p>For det f\u00f8rste vil jeg udtrykke p\u00e5 vegne af Inuit Ataqatigiit, at vi mener at befolkningen skal have mulighed for at f\u00f8lge med i udviklingen i samfundet gennem medierne. Derfor er det vigtigt at rede KNR\u2019s \u00f8konomiske problemer ud ved dialog.<\/p>\n<p>I samme \u00e5ndedrag er det n\u00f8dvendigt at p\u00e5pege at tiden med Selvstyre forpligter til be-v\u00e6gelse, og bev\u00e6gelsen b\u00f8r ske i nye retninger. Det er n\u00f8dvendigt for Selvstyrefinansierede enheder med alle kr\u00e6fter at finde nye indt\u00e6gtsmuligheder for at konsolidere deres \u00f8konomi og fremtid.<\/p>\n<p>Og dette er g\u00e6ldende uanset hvilke koalitioner der st\u00e5r ved roret.<\/p>\n<p>Det er ikke rigtigt som p\u00e5st\u00e5et af KNR at finansieringen af KNR er dalende. I 2010 blev der bevilget 59,6 mio. kr. i 2011 61,5 mio. kr. og i 2012 62,5 mio.kr. Og i det fremlagte finanslovsforslag for 2013 er afsat 63,8 mio. kr. Det skal g\u00f8res klart, at der ved siden af f\u00f8rn\u00e6vnte bevillinger, s\u00e5 har KNR f\u00e5et en till\u00e6gsbevilling for at kunne d\u00e6kke ekstraordin\u00e6re omkostninger. Derfor passer det ingen steder at p\u00e5st\u00e5 at finansieringen har en nedadg\u00e5ende tendens.<\/p>\n<p>Vi vil fra Inuit Ataqatigiit samarbejde med KNR for at KNR ikke sk\u00e6rer ned p\u00e5 sin journalistiske produktion. Selvf\u00f8lgelig er det vigtigt for Inuit Ataqatigiit dialogen munder ud i reelle fremtidssikrede l\u00f8sningsmodeller. Vi er ikke interesserede i uholdbare lappel\u00f8sninger, der holder os fast i fortiden, vi m\u00e5 t\u00e6nke langsigtede helhedsl\u00f8sninger.<\/p>\n<p>Fakta er, at hvis serviceniveauet i samfundet ikke skal forringes, s\u00e5 er det bydende n\u00f8dvendigt at virksomhederne finder nye indt\u00e6gtskilder og g\u00f8r sig en ekstra indsats for at tilpasse deres \u00f8konomiske r\u00e5derum til deres aktiviteter. Kort sagt; fordi vi har en meget lille befolkning, er det ekstra n\u00f8dvendigt at tilpasse virksomhederne, s\u00e5 de er \u00f8konomisk selvb\u00e6rende. Og uanset partifarve er det et m\u00e5l vi skal s\u00e6tte os.<\/p>\n<p>Afslutningsvis vil vi sige at Inuit Ataqatigiit \u00f8nsker sikre at KNR\u2019s formidling ikke forringes. Dette skal g\u00f8res ved langsigtede l\u00f8sninger, og hvis det er muligt, skal dette ske ved at fjerne mediernes store afh\u00e6ngighed af finansiering igennem finansloven. At en st\u00f8rre selvb\u00e5renhed i virksomhederne er en n\u00f8dvendighed, er udtrykt i loven om Gr\u00f8nlands Selvstyre og det vil vi v\u00e6re med til at danne grundlag for. <\/p>\n<p>Overalt i Gr\u00f8nland er reformer, der f\u00f8rer til st\u00f8rre \u00f8konomisk selvst\u00e6ndighed n\u00f8dvendig, da det danner grundlag for et folk i endnu st\u00f8rre selvst\u00e6ndighed. Medierne b\u00f8r v\u00e6re bannerf\u00f8rere for viden om og udvikling af kulturen, samt vores kulturelle egenart ved debatter og ved ideudvikling.<\/p>\n","protected":false},"excerpt":{"rendered":"<p>For det f\u00f8rste vil jeg udtrykke p\u00e5 vegne af Inuit Ataqatigiit, at vi mener at befolkningen skal have mulighed for at f\u00f8lge med i udviklingen i samfundet gennem medierne. Derfor er det vigtigt at rede KNR\u2019s \u00f8konomiske problemer ud ved dialog. I samme \u00e5ndedrag er det n\u00f8dvendigt at p\u00e5pege at tiden med Selvstyre forpligter til [&hellip;]<\/p>\n","protected":false},"author":1,"featured_media":461,"comment_status":"closed","ping_status":"closed","sticky":false,"template":"","format":"standard","meta":{"footnotes":""},"categories":[19],"tags":[],"class_list":["post-5822","post","type-post","status-publish","format-standard","has-post-thumbnail","hentry","category-seneste-nyheder-inuit-ataqatigiit"],"_links":{"self":[{"href":"https:\/\/ia.gl\/kl\/wp-json\/wp\/v2\/posts\/5822","targetHints":{"allow":["GET"]}}],"collection":[{"href":"https:\/\/ia.gl\/kl\/wp-json\/wp\/v2\/posts"}],"about":[{"href":"https:\/\/ia.gl\/kl\/wp-json\/wp\/v2\/types\/post"}],"author":[{"embeddable":true,"href":"https:\/\/ia.gl\/kl\/wp-json\/wp\/v2\/users\/1"}],"replies":[{"embeddable":true,"href":"https:\/\/ia.gl\/kl\/wp-json\/wp\/v2\/comments?post=5822"}],"version-history":[{"count":1,"href":"https:\/\/ia.gl\/kl\/wp-json\/wp\/v2\/posts\/5822\/revisions"}],"predecessor-version":[{"id":5823,"href":"https:\/\/ia.gl\/kl\/wp-json\/wp\/v2\/posts\/5822\/revisions\/5823"}],"wp:featuredmedia":[{"embeddable":true,"href":"https:\/\/ia.gl\/kl\/wp-json\/wp\/v2\/media\/461"}],"wp:attachment":[{"href":"https:\/\/ia.gl\/kl\/wp-json\/wp\/v2\/media?parent=5822"}],"wp:term":[{"taxonomy":"category","embeddable":true,"href":"https:\/\/ia.gl\/kl\/wp-json\/wp\/v2\/categories?post=5822"},{"taxonomy":"post_tag","embeddable":true,"href":"https:\/\/ia.gl\/kl\/wp-json\/wp\/v2\/tags?post=5822"}],"curies":[{"name":"wp","href":"https:\/\/api.w.org\/{rel}","templated":true}]}}