{"id":5818,"date":"2012-04-02T09:21:44","date_gmt":"2012-04-02T09:21:44","guid":{"rendered":"https:\/\/demo.ia.gl\/groenlands-raastoffer-i-et-udenrigspolitisk-perspektiv\/"},"modified":"2024-07-14T20:45:30","modified_gmt":"2024-07-14T20:45:30","slug":"groenlands-raastoffer-i-et-udenrigspolitisk-perspektiv","status":"publish","type":"post","link":"https:\/\/ia.gl\/kl\/groenlands-raastoffer-i-et-udenrigspolitisk-perspektiv\/","title":{"rendered":"Gr\u00f8nlands r\u00e5stoffer i et udenrigspolitisk perspektiv"},"content":{"rendered":"<p><strong>Inuit Ataqatigiit Folketingimi afholder den 2. maj 2012 en konference med overskriften \u201dR\u00e5stoffer i Arktis &#8211; de udenrigspolitiske udfordringer\u201d. Med konferencen \u00f8nsker Sara Olsvig, IA en debat om, hvad r\u00e5stofferne betyder for Rigsf\u00e6llesskabets udenrigspolitik. Konferencen afholdes i Folketingets F\u00e6llessal og b\u00e5de gr\u00f8nlandske og danske politikere er inviteret til at deltage.<\/strong><\/p>\n<p>R\u00e5stofudvinding, sj\u00e6ldne jordarter, mega-industri, nye sejlruter og milj\u00f8m\u00e6ssige udfordringer. Sammenlagt har udviklingen i Arktis v\u00e6ret flittigt iscenesat i b\u00e5de nationale og internationale sammenh\u00e6nge. Inuit Ataqatigiit Folketingimi vil med denne konference s\u00e6tte fokus p\u00e5, hvilke udenrigspolitiske muligheder og udfordringer r\u00e5stofudvikling skaber for de Arktiske stater \u2013 og i s\u00e6rdeleshed for Rigsf\u00e6llesskabet.<\/p>\n<p>\u201dVores r\u00e5stoffer, uanset om vi v\u00e6lger at udvinde dem eller at lade dem ligge, skaber nye udfordringer og muligheder p\u00e5 det udenrigspolitiske plan, derfor mener jeg det er vigtigt, at denne debat inkluderer b\u00e5de gr\u00f8nlandske og danske politikere. Ved at afholde konferencen f\u00e5r vi forh\u00e5bentligt tilf\u00f8jet et helt n\u00f8dvendigt udenrigspolitisk perspektiv til vores debat om r\u00e5stofferne\u201d, siger Sara Olsvig, IA\u2019s folketingsmedlem.<\/p>\n<p>At udviklingen i Arktis r\u00e6kker udover Rigsf\u00e6llesskabets gr\u00e6nser ses tydeligt af den interesse der er fra andre dele af verden. EU, Kina og Singapore har s\u00f8gt om observat\u00f8rstatus i Arktisk R\u00e5d, der afholdes stadig flere konferencer om Arktis i ikke-arktiske egne, og milj\u00f8organisationer f\u00f8lger t\u00e6t med i arktiske r\u00e5stofaktiviteter.<\/p>\n<p>Inuit Ataqatigiit Folketingimi \u00f8nsker en debat om samspillet mellem r\u00e5stoffer, udenrigspolitik, samt forsvar og sikkerhed i Arktis, og om hvordan denne udvikling skal h\u00e5ndteres Gr\u00f8nland og Danmark imellem.<\/p>\n<p>\u201dDer er ingen tvivl om, at der ogs\u00e5 i Folketingets udvalg er stor interesse for det arktiske, og s\u00e6rligt for r\u00e5stofferne. Gr\u00f8nland hjemtog i 2010 r\u00e5stofomr\u00e5det, mens forsvars- og sikkerhedspolitikken fortsat er under dansk suver\u00e6nitet. Det er vigtigt for mig, at bygge en bro mellem gr\u00f8nlandske og danske politikere, s\u00e5 vi f\u00e5r en f\u00e6lles forst\u00e5else af r\u00e5stoffernes betydning for udenrigspolitikken\u201d, siger Sara Olsvig.<\/p>\n<p>Professor, geolog Minik Rosing er inviteret til at \u00e5bne konferencen, mens repr\u00e6sentanter fra Inatsisartut, Dansk Industri, Danmarks Milj\u00f8unders\u00f8gelser, Forsvarsakademiet, EU\u2019s Arctic Forum samt Naalakkersuisut og Udenrigsministeriet er blandt de inviterede opl\u00e6gsholdere.  Derudover er flere af Folketingets og Inatsisartuts udvalg inviteret til at deltage i paneldebatten under konferencen.<\/p>\n<p>Det endelige program for konferencen samt informationer om tilmelding m.v. vil v\u00e6re klar efter p\u00e5ske.<\/p>\n","protected":false},"excerpt":{"rendered":"<p>Inuit Ataqatigiit Folketingimi afholder den 2. maj 2012 en konference med overskriften \u201dR\u00e5stoffer i Arktis &#8211; de udenrigspolitiske udfordringer\u201d. Med konferencen \u00f8nsker Sara Olsvig, IA en debat om, hvad r\u00e5stofferne betyder for Rigsf\u00e6llesskabets udenrigspolitik. Konferencen afholdes i Folketingets F\u00e6llessal og b\u00e5de gr\u00f8nlandske og danske politikere er inviteret til at deltage. R\u00e5stofudvinding, sj\u00e6ldne jordarter, mega-industri, nye [&hellip;]<\/p>\n","protected":false},"author":1,"featured_media":461,"comment_status":"closed","ping_status":"closed","sticky":false,"template":"","format":"standard","meta":{"footnotes":""},"categories":[19],"tags":[],"class_list":["post-5818","post","type-post","status-publish","format-standard","has-post-thumbnail","hentry","category-seneste-nyheder-inuit-ataqatigiit"],"_links":{"self":[{"href":"https:\/\/ia.gl\/kl\/wp-json\/wp\/v2\/posts\/5818","targetHints":{"allow":["GET"]}}],"collection":[{"href":"https:\/\/ia.gl\/kl\/wp-json\/wp\/v2\/posts"}],"about":[{"href":"https:\/\/ia.gl\/kl\/wp-json\/wp\/v2\/types\/post"}],"author":[{"embeddable":true,"href":"https:\/\/ia.gl\/kl\/wp-json\/wp\/v2\/users\/1"}],"replies":[{"embeddable":true,"href":"https:\/\/ia.gl\/kl\/wp-json\/wp\/v2\/comments?post=5818"}],"version-history":[{"count":1,"href":"https:\/\/ia.gl\/kl\/wp-json\/wp\/v2\/posts\/5818\/revisions"}],"predecessor-version":[{"id":5819,"href":"https:\/\/ia.gl\/kl\/wp-json\/wp\/v2\/posts\/5818\/revisions\/5819"}],"wp:featuredmedia":[{"embeddable":true,"href":"https:\/\/ia.gl\/kl\/wp-json\/wp\/v2\/media\/461"}],"wp:attachment":[{"href":"https:\/\/ia.gl\/kl\/wp-json\/wp\/v2\/media?parent=5818"}],"wp:term":[{"taxonomy":"category","embeddable":true,"href":"https:\/\/ia.gl\/kl\/wp-json\/wp\/v2\/categories?post=5818"},{"taxonomy":"post_tag","embeddable":true,"href":"https:\/\/ia.gl\/kl\/wp-json\/wp\/v2\/tags?post=5818"}],"curies":[{"name":"wp","href":"https:\/\/api.w.org\/{rel}","templated":true}]}}