{"id":5798,"date":"2012-03-08T09:51:14","date_gmt":"2012-03-08T09:51:14","guid":{"rendered":"https:\/\/demo.ia.gl\/en-ven-og-kollega-er-doed\/"},"modified":"2024-07-14T20:45:29","modified_gmt":"2024-07-14T20:45:29","slug":"en-ven-og-kollega-er-doed","status":"publish","type":"post","link":"https:\/\/ia.gl\/kl\/en-ven-og-kollega-er-doed\/","title":{"rendered":"En ven og kollega er d\u00f8d"},"content":{"rendered":"<p><img fetchpriority=\"high\" decoding=\"async\" src=\"https:\/\/ia.gl\/wp-content\/uploads\/2024\/07\/jlund.jpg\" alt=\"\" title=\"jlund\" width=\"300\" height=\"368\" class=\"alignright size-full wp-image-362\">F\u00e5reholder, politikeren og tidligere borgmester J\u00f8rgen Lund er d\u00f8d.<\/p>\n<p>J\u00f8rgen var f\u00e5reholder og aktiv politiker. Han har i denne valgperiode siddet som formand i bygdebestyrelsen for Igaliko, Narsarsuaq og Qassiarsuk. I Inuit Ataqatigiit mister vi en ven der i al sin virke arbejdede m\u00e5lrettet og engageret. I sit politsike liv n\u00e5ede J\u00f8rgen at v\u00e6re borgmester i Narsaq og har s\u00e5ledes haft en betydelig indflydelse i den sydgr\u00f8nlandske samfundsudvikling. Vi skal hermed udtrykke vor kondolence overfor J\u00f8rgens kone, b\u00f8rn og n\u00e6re familie og \u00f8nske dem styrke og mod til at b\u00e6re sorgen. \u00c6ret v\u00e6re J\u00f8rgens minde.<\/p>\n","protected":false},"excerpt":{"rendered":"<p>F\u00e5reholder, politikeren og tidligere borgmester J\u00f8rgen Lund er d\u00f8d. J\u00f8rgen var f\u00e5reholder og aktiv politiker. Han har i denne valgperiode siddet som formand i bygdebestyrelsen for Igaliko, Narsarsuaq og Qassiarsuk. I Inuit Ataqatigiit mister vi en ven der i al sin virke arbejdede m\u00e5lrettet og engageret. I sit politsike liv n\u00e5ede J\u00f8rgen at v\u00e6re borgmester [&hellip;]<\/p>\n","protected":false},"author":1,"featured_media":461,"comment_status":"closed","ping_status":"closed","sticky":false,"template":"","format":"standard","meta":{"footnotes":""},"categories":[19],"tags":[],"class_list":["post-5798","post","type-post","status-publish","format-standard","has-post-thumbnail","hentry","category-seneste-nyheder-inuit-ataqatigiit"],"_links":{"self":[{"href":"https:\/\/ia.gl\/kl\/wp-json\/wp\/v2\/posts\/5798","targetHints":{"allow":["GET"]}}],"collection":[{"href":"https:\/\/ia.gl\/kl\/wp-json\/wp\/v2\/posts"}],"about":[{"href":"https:\/\/ia.gl\/kl\/wp-json\/wp\/v2\/types\/post"}],"author":[{"embeddable":true,"href":"https:\/\/ia.gl\/kl\/wp-json\/wp\/v2\/users\/1"}],"replies":[{"embeddable":true,"href":"https:\/\/ia.gl\/kl\/wp-json\/wp\/v2\/comments?post=5798"}],"version-history":[{"count":1,"href":"https:\/\/ia.gl\/kl\/wp-json\/wp\/v2\/posts\/5798\/revisions"}],"predecessor-version":[{"id":5799,"href":"https:\/\/ia.gl\/kl\/wp-json\/wp\/v2\/posts\/5798\/revisions\/5799"}],"wp:featuredmedia":[{"embeddable":true,"href":"https:\/\/ia.gl\/kl\/wp-json\/wp\/v2\/media\/461"}],"wp:attachment":[{"href":"https:\/\/ia.gl\/kl\/wp-json\/wp\/v2\/media?parent=5798"}],"wp:term":[{"taxonomy":"category","embeddable":true,"href":"https:\/\/ia.gl\/kl\/wp-json\/wp\/v2\/categories?post=5798"},{"taxonomy":"post_tag","embeddable":true,"href":"https:\/\/ia.gl\/kl\/wp-json\/wp\/v2\/tags?post=5798"}],"curies":[{"name":"wp","href":"https:\/\/api.w.org\/{rel}","templated":true}]}}